{"id":20051,"date":"2021-07-14T08:25:37","date_gmt":"2021-07-14T06:25:37","guid":{"rendered":"https:\/\/greenstyle-muc.com\/good-news-the-future-of-fashion-is-slow\/"},"modified":"2021-07-28T17:22:51","modified_gmt":"2021-07-28T15:22:51","slug":"good-news-the-future-of-fashion-is-slow","status":"publish","type":"post","link":"https:\/\/greenstyle-muc.com\/en\/good-news-the-future-of-fashion-is-slow\/","title":{"rendered":"GOOD news \u2013 the future of fashion is slow"},"content":{"rendered":"<p style=\"text-align: center;\"><span class=\"VIiyi\" lang=\"en\"><span class=\"JLqJ4b ChMk0b\" data-language-for-alternatives=\"en\" data-language-to-translate-into=\"de\" data-phrase-index=\"0\">Are you ready for some GOOD news that will influence the future of fashion?<\/span> <span class=\"JLqJ4b ChMk0b\" data-language-for-alternatives=\"en\" data-language-to-translate-into=\"de\" data-phrase-index=\"1\">It&#8217;s us.<\/span> <span class=\"JLqJ4b ChMk0b\" data-language-for-alternatives=\"en\" data-language-to-translate-into=\"de\" data-phrase-index=\"2\">And because we have so much good news, we want to publish some of it here on a regular basis.<\/span> <span class=\"JLqJ4b ChMk0b\" data-language-for-alternatives=\"en\" data-language-to-translate-into=\"de\" data-phrase-index=\"3\">Do you have good news from the field of sustainable fashion that our readers might be interested in?<\/span> <span class=\"JLqJ4b ChMk0b\" data-language-for-alternatives=\"en\" data-language-to-translate-into=\"de\" data-phrase-index=\"4\">Please contact us at<\/span><\/span> <a href=\"mailto:info@greenstyle-muc.com\">info@greenstyle-muc.com<\/a><\/p>\n<p><img fetchpriority=\"high\" decoding=\"async\" class=\"aligncenter size-full wp-image-20344\" src=\"https:\/\/greenstyle-muc.com\/wp-content\/uploads\/2021\/07\/CLOTHES_Friends_Opening-3.jpg\" alt=\"\" width=\"1400\" height=\"675\" srcset=\"https:\/\/greenstyle-muc.com\/wp-content\/uploads\/2021\/07\/CLOTHES_Friends_Opening-3.jpg 1400w, https:\/\/greenstyle-muc.com\/wp-content\/uploads\/2021\/07\/CLOTHES_Friends_Opening-3-300x145.jpg 300w, https:\/\/greenstyle-muc.com\/wp-content\/uploads\/2021\/07\/CLOTHES_Friends_Opening-3-1024x494.jpg 1024w, https:\/\/greenstyle-muc.com\/wp-content\/uploads\/2021\/07\/CLOTHES_Friends_Opening-3-768x370.jpg 768w\" sizes=\"(max-width: 1400px) 100vw, 1400px\" \/><\/p>\n<h2>Akjumii x CLOTHES friends<\/h2>\n<p><span class=\"VIiyi\" lang=\"en\"><span class=\"JLqJ4b ChMk0b\" data-language-for-alternatives=\"en\" data-language-to-translate-into=\"de\" data-phrase-index=\"0\">There has been another Sustainable Hotspot in Munich since mid-July: The Circular Fashion Space at Reichenbachstrasse 36. The address looks familiar to you?<\/span> <span class=\"JLqJ4b ChMk0b\" data-language-for-alternatives=\"en\" data-language-to-translate-into=\"de\" data-phrase-index=\"1\">This is because Anna and Michi von Akjumii not only designed (studio) but also sold (store) their collections here for years.<\/span> <span class=\"JLqJ4b ChMk0b\" data-language-for-alternatives=\"en\" data-language-to-translate-into=\"de\" data-phrase-index=\"2\">Now the makers of the 3IN1 Coats are doing something together with the founders of the peer-to-peer renting platform CLOTHESfriends and share the perfectly located shop: Here you can now try on selected second hand pieces from CLOTHESfriends and hand in \/ pick up the loaned pieces<\/span> <span class=\"JLqJ4b ChMk0b\" data-language-for-alternatives=\"en\" data-language-to-translate-into=\"de\" data-phrase-index=\"3\">Use the exclusive advisory service for the smart Akjumii coats.<\/span> <span class=\"JLqJ4b ChMk0b\" data-language-for-alternatives=\"en\" data-language-to-translate-into=\"de\" data-phrase-index=\"4\">Good to know: Anyone who uses Akjumii&#8217;s pre-order service now gets a 20 percent discount on their favorite coat<\/span> <\/span><\/p>\n<p><span class=\"VIiyi\" lang=\"en\"><span class=\"JLqJ4b ChMk0b\" data-language-for-alternatives=\"en\" data-language-to-translate-into=\"de\" data-phrase-index=\"6\">All information about <a href=\"https:\/\/greenstyle-muc.com\/en\/akjumii\/\">Akjumii<\/a> and <\/span><\/span><a href=\"https:\/\/clothes-friends.com\/\" target=\"_blank\" rel=\"noopener\">CLOTHESfriends<\/a><\/p>\n<p><img decoding=\"async\" class=\"aligncenter size-full wp-image-20346\" src=\"https:\/\/greenstyle-muc.com\/wp-content\/uploads\/2021\/07\/dawn.jpg\" alt=\"the future of fashion\" width=\"1400\" height=\"641\" srcset=\"https:\/\/greenstyle-muc.com\/wp-content\/uploads\/2021\/07\/dawn.jpg 1400w, https:\/\/greenstyle-muc.com\/wp-content\/uploads\/2021\/07\/dawn-300x137.jpg 300w, https:\/\/greenstyle-muc.com\/wp-content\/uploads\/2021\/07\/dawn-1024x469.jpg 1024w, https:\/\/greenstyle-muc.com\/wp-content\/uploads\/2021\/07\/dawn-768x352.jpg 768w\" sizes=\"(max-width: 1400px) 100vw, 1400px\" \/><\/p>\n<h2><span class=\"VIiyi\" lang=\"en\"><span class=\"JLqJ4b ChMk0b\" data-language-for-alternatives=\"en\" data-language-to-translate-into=\"de\" data-phrase-index=\"0\">Cozy coffee break with WASS x Dawn<\/span><\/span><\/h2>\n<p><span class=\"VIiyi\" lang=\"en\"><span class=\"JLqJ4b ChMk0b\" data-language-for-alternatives=\"en\" data-language-to-translate-into=\"de\" data-phrase-index=\"2\">What happens when two brands meet who want to change something, who care about sustainability and who value good craftsmanship?<\/span> <span class=\"JLqJ4b ChMk0b\" data-language-for-alternatives=\"en\" data-language-to-translate-into=\"de\" data-phrase-index=\"3\">Everything imaginable.<\/span> <span class=\"JLqJ4b ChMk0b\" data-language-for-alternatives=\"en\" data-language-to-translate-into=\"de\" data-phrase-index=\"4\">In this case, a ceramic mug was created that we fell in love with at first sight.<\/span> <span class=\"JLqJ4b ChMk0b\" data-language-for-alternatives=\"en\" data-language-to-translate-into=\"de\" data-phrase-index=\"5\">And what is WASS?<\/span> <span class=\"JLqJ4b ChMk0b\" data-language-for-alternatives=\"en\" data-language-to-translate-into=\"de\" data-phrase-index=\"6\">WASS are the illustrator and designer Ini Neumann and the carpenter and interior designer Thorben Bringezu.<\/span> <span class=\"JLqJ4b ChMk0b\" data-language-for-alternatives=\"en\" data-language-to-translate-into=\"de\" data-phrase-index=\"7\">They design and produce handcrafted ceramics and furniture locally in Hamburg.<\/span> <span class=\"JLqJ4b ChMk0b\" data-language-for-alternatives=\"en\" data-language-to-translate-into=\"de\" data-phrase-index=\"8\">With natural materials, of course.<\/span> <span class=\"JLqJ4b ChMk0b\" data-language-for-alternatives=\"en\" data-language-to-translate-into=\"de\" data-phrase-index=\"9\">Good to know: The handmade unique items are limited to 20 pieces and cost 41 euros<\/span> <\/span><\/p>\n<p><a href=\"https:\/\/www.wearestudiostudio.com\/products\/7am-mug\" target=\"_blank\" rel=\"noopener\"><span class=\"VIiyi\" lang=\"en\"><span class=\"JLqJ4b ChMk0b\" data-language-for-alternatives=\"en\" data-language-to-translate-into=\"de\" data-phrase-index=\"11\">Find out more about the 7 am cup here &gt;&gt;&gt;<\/span><\/span> <\/a><\/p>\n<p><img decoding=\"async\" class=\"aligncenter size-full wp-image-20348\" src=\"https:\/\/greenstyle-muc.com\/wp-content\/uploads\/2021\/07\/SAVE-THE-DUCK_FW-21-22_WE-RESPECT-BEES_GIALLO_BFJ5886.jpg\" alt=\"the future of fashion\" width=\"1400\" height=\"729\" srcset=\"https:\/\/greenstyle-muc.com\/wp-content\/uploads\/2021\/07\/SAVE-THE-DUCK_FW-21-22_WE-RESPECT-BEES_GIALLO_BFJ5886.jpg 1400w, https:\/\/greenstyle-muc.com\/wp-content\/uploads\/2021\/07\/SAVE-THE-DUCK_FW-21-22_WE-RESPECT-BEES_GIALLO_BFJ5886-300x156.jpg 300w, https:\/\/greenstyle-muc.com\/wp-content\/uploads\/2021\/07\/SAVE-THE-DUCK_FW-21-22_WE-RESPECT-BEES_GIALLO_BFJ5886-1024x533.jpg 1024w, https:\/\/greenstyle-muc.com\/wp-content\/uploads\/2021\/07\/SAVE-THE-DUCK_FW-21-22_WE-RESPECT-BEES_GIALLO_BFJ5886-768x400.jpg 768w\" sizes=\"(max-width: 1400px) 100vw, 1400px\" \/><\/p>\n<h2>&#8220;We Respect Bees&#8221; Campaign by Save the Duck<\/h2>\n<p><span class=\"VIiyi\" lang=\"en\"><span class=\"JLqJ4b ChMk0b\" data-language-for-alternatives=\"en\" data-language-to-translate-into=\"de\" data-phrase-index=\"0\">The Italian B Corp company Save The Duck has now saved the lives of over 20 million ducks with its smart down alternative.<\/span> <span class=\"JLqJ4b ChMk0b\" data-language-for-alternatives=\"en\" data-language-to-translate-into=\"de\" data-phrase-index=\"1\">The Italians are continuing their mission to protect animals and raise awareness of environmental issues among consumers and businesses with their current campaign.<\/span> <span class=\"JLqJ4b ChMk0b\" data-language-for-alternatives=\"en\" data-language-to-translate-into=\"de\" data-phrase-index=\"2\">Protecting the bees is an essential measure that can make all the difference.<\/span> <span class=\"JLqJ4b ChMk0b\" data-language-for-alternatives=\"en\" data-language-to-translate-into=\"de\" data-phrase-index=\"3\">All the more important when companies with great appeal use their communication channels to draw attention to this vital issue.<\/span> <span class=\"JLqJ4b ChMk0b\" data-language-for-alternatives=\"en\" data-language-to-translate-into=\"de\" data-phrase-index=\"4\">Thanks for that and double thumbs up!<\/span><\/span><\/p>\n<p><a href=\"https:\/\/www.savetheduck.it\/ce_en\/beescampaignsavetheduck.it\" target=\"_blank\" rel=\"noopener\"><span class=\"VIiyi\" lang=\"en\"><span class=\"JLqJ4b ChMk0b\" data-language-for-alternatives=\"en\" data-language-to-translate-into=\"de\" data-phrase-index=\"6\">More about the &#8220;We Respect Bees&#8221; campaign<\/span><\/span> &gt;&gt;&gt;<\/a><\/p>\n<p><img loading=\"lazy\" decoding=\"async\" class=\"aligncenter size-full wp-image-20350\" src=\"https:\/\/greenstyle-muc.com\/wp-content\/uploads\/2021\/07\/sweet.jpg\" alt=\"the future of fashion\" width=\"1400\" height=\"762\" srcset=\"https:\/\/greenstyle-muc.com\/wp-content\/uploads\/2021\/07\/sweet.jpg 1400w, https:\/\/greenstyle-muc.com\/wp-content\/uploads\/2021\/07\/sweet-300x163.jpg 300w, https:\/\/greenstyle-muc.com\/wp-content\/uploads\/2021\/07\/sweet-1024x557.jpg 1024w, https:\/\/greenstyle-muc.com\/wp-content\/uploads\/2021\/07\/sweet-768x418.jpg 768w\" sizes=\"(max-width: 1400px) 100vw, 1400px\" \/><\/p>\n<h2>May we introduce: Sweet Magazine<\/h2>\n<p><span class=\"VIiyi\" lang=\"en\"><span class=\"JLqJ4b ChMk0b\" data-language-for-alternatives=\"en\" data-language-to-translate-into=\"de\" data-phrase-index=\"2\">We have a lot in common with the Munich agency Sweet Communication &#8211; interest in sustainability, desire for good vibes, long-term friendship.<\/span> <span class=\"JLqJ4b ChMk0b\" data-language-for-alternatives=\"en\" data-language-to-translate-into=\"de\" data-phrase-index=\"3\">To put it briefly: We can&#8217;t get enough of the troop and their brands.<\/span> <span class=\"JLqJ4b ChMk0b\" data-language-for-alternatives=\"en\" data-language-to-translate-into=\"de\" data-phrase-index=\"4\">We are all the more pleased that, in addition to the regular emails and meetings at Pressdays etc., a contemporary, digital continuation of the seasonal Press Days was launched with Sweet Magazine.<\/span> <span class=\"JLqJ4b ChMk0b\" data-language-for-alternatives=\"en\" data-language-to-translate-into=\"de\" data-phrase-index=\"5\">The agency&#8217;s own online magazine is of course about the great brands from its own portfolio: LangerChen, Mandala, <a href=\"https:\/\/greenstyle-muc.com\/en\/belle-ikat\/\">Belle Ikat<\/a>, Calida, Armedangels etc. Curious?<\/span> <span class=\"JLqJ4b ChMk0b\" data-language-for-alternatives=\"en\" data-language-to-translate-into=\"de\" data-phrase-index=\"6\">Rightly!<\/span><\/span><\/p>\n<p><a href=\"https:\/\/sweet-magazin.com\/issue1\/\" target=\"_blank\" rel=\"noopener\">Hop over and enjoy &gt;&gt;&gt;<\/a><\/p>\n<p><span class=\"VIiyi\" lang=\"en\"><span class=\"JLqJ4b ChMk0b\" data-language-for-alternatives=\"en\" data-language-to-translate-into=\"de\" data-phrase-index=\"10\">Published: July 28th, 2021<\/span><\/span><\/p>\n<hr \/>\n<hr \/>\n<hr \/>\n<h2><img loading=\"lazy\" decoding=\"async\" class=\"aligncenter size-full wp-image-20265\" src=\"https:\/\/greenstyle-muc.com\/wp-content\/uploads\/2021\/06\/NvH_asymmetric-dress.jpg\" alt=\"\" width=\"1200\" height=\"750\" srcset=\"https:\/\/greenstyle-muc.com\/wp-content\/uploads\/2021\/06\/NvH_asymmetric-dress.jpg 1200w, https:\/\/greenstyle-muc.com\/wp-content\/uploads\/2021\/06\/NvH_asymmetric-dress-300x188.jpg 300w, https:\/\/greenstyle-muc.com\/wp-content\/uploads\/2021\/06\/NvH_asymmetric-dress-1024x640.jpg 1024w, https:\/\/greenstyle-muc.com\/wp-content\/uploads\/2021\/06\/NvH_asymmetric-dress-768x480.jpg 768w\" sizes=\"(max-width: 1200px) 100vw, 1200px\" \/><\/h2>\n<h2><span class=\"VIiyi\" lang=\"en\"><span class=\"JLqJ4b ChMk0b\" data-language-for-alternatives=\"en\" data-language-to-translate-into=\"de\" data-phrase-index=\"0\">Natascha von Hirschhausen celebrates all sizes<\/span><\/span><\/h2>\n<p><strong>Natascha von Hirschhausen<\/strong> arbeitet seit Gr\u00fcndung ihre gleichnamigen Labels zero waste. Dazu hat sie auch <strong>auf einer der GREENSTYLE conference<\/strong>s schon gesprochen. Au\u00dferdem arbeitet sie ausschlie\u00dflich auf Bestellung, um \u00dcberproduktion zu vermeiden. Jetzt ist die <strong>Berliner Designeri<\/strong>n wieder einen Schritt weiter gegangen: Sie hat ein asymmetisches Kleid<strong> mit Gro\u0308\u00dfenu\u0308bergreifendem Design<\/strong> entwickelt. Dank eines ausgekl\u00fcgelten Schnittes passt es sich an verschiedene Lebenslagen, in denen sich der Ko\u0308rper vera\u0308ndert, an. Die Designs \u00e4ndern sich \u00fcbrigens monatlich. <strong>Noch bis 31. Juli<\/strong> ist das Bio-Baumwollkleid in den Varianten Schwarz\/Schwarz und Schwarz\/blau erh\u00e4ltlich. Vorbestellzeit: 4 Wochen. Handmade in Berlin.<\/p>\n<p><span class=\"VIiyi\" lang=\"en\"><span class=\"JLqJ4b ChMk0b\" data-language-for-alternatives=\"en\" data-language-to-translate-into=\"de\" data-phrase-index=\"2\">Natascha von Hirschhausen has been working zero waste with her label of the same name since it was founded.<\/span> <span class=\"JLqJ4b ChMk0b\" data-language-for-alternatives=\"en\" data-language-to-translate-into=\"de\" data-phrase-index=\"3\">She has already spoken about this at one of the GREENSTYLE conferences.<\/span> <span class=\"JLqJ4b ChMk0b\" data-language-for-alternatives=\"en\" data-language-to-translate-into=\"de\" data-phrase-index=\"4\">In addition, she works exclusively to order to avoid overproduction.<\/span> <span class=\"JLqJ4b ChMk0b\" data-language-for-alternatives=\"en\" data-language-to-translate-into=\"de\" data-phrase-index=\"5\">Now the Berlin designer has gone one step further: She has developed an asymmetrical dress with a cross-size design.<\/span> <span class=\"JLqJ4b ChMk0b\" data-language-for-alternatives=\"en\" data-language-to-translate-into=\"de\" data-phrase-index=\"6\">Thanks to a sophisticated cut, it adapts to different situations in which the body changes.<\/span> <span class=\"JLqJ4b ChMk0b\" data-language-for-alternatives=\"en\" data-language-to-translate-into=\"de\" data-phrase-index=\"7\">By the way, the designs change monthly.<\/span> <span class=\"JLqJ4b ChMk0b\" data-language-for-alternatives=\"en\" data-language-to-translate-into=\"de\" data-phrase-index=\"8\">The organic cotton dress is available in black \/ black and black \/ blue until July 31st.<\/span> <span class=\"JLqJ4b ChMk0b\" data-language-for-alternatives=\"en\" data-language-to-translate-into=\"de\" data-phrase-index=\"9\">Pre-order time: 4 weeks.<\/span> <span class=\"JLqJ4b ChMk0b\" data-language-for-alternatives=\"en\" data-language-to-translate-into=\"de\" data-phrase-index=\"10\">Handmade in Berlin.<\/span><\/span><\/p>\n<p><a href=\"https:\/\/nataschavonhirschhausen.com\/collections\/pre-order\" target=\"_blank\" rel=\"noopener\"><span class=\"VIiyi\" lang=\"en\"><span class=\"JLqJ4b ChMk0b\" data-language-for-alternatives=\"en\" data-language-to-translate-into=\"de\" data-phrase-index=\"12\">Click here for the pre-order<\/span><\/span> &gt;&gt;&gt;<\/a><\/p>\n<p><img loading=\"lazy\" decoding=\"async\" class=\"aligncenter size-full wp-image-20267\" src=\"https:\/\/greenstyle-muc.com\/wp-content\/uploads\/2021\/06\/Sabinna.png\" alt=\"\" width=\"1400\" height=\"673\" srcset=\"https:\/\/greenstyle-muc.com\/wp-content\/uploads\/2021\/06\/Sabinna.png 1400w, https:\/\/greenstyle-muc.com\/wp-content\/uploads\/2021\/06\/Sabinna-300x144.png 300w, https:\/\/greenstyle-muc.com\/wp-content\/uploads\/2021\/06\/Sabinna-1024x492.png 1024w, https:\/\/greenstyle-muc.com\/wp-content\/uploads\/2021\/06\/Sabinna-768x369.png 768w\" sizes=\"(max-width: 1400px) 100vw, 1400px\" \/><\/p>\n<h2><span class=\"VIiyi\" lang=\"en\"><span class=\"JLqJ4b ChMk0b\" data-language-for-alternatives=\"en\" data-language-to-translate-into=\"de\" data-phrase-index=\"0\">SABINNA x Power Pottery celebrate the female body<\/span><\/span><\/h2>\n<p><span class=\"VIiyi\" lang=\"en\"><span class=\"JLqJ4b ChMk0b\" data-language-for-alternatives=\"en\" data-language-to-translate-into=\"de\" data-phrase-index=\"2\">Since Sabinna Rachimova and her label SABINNA met us, we can hardly look away from her well-thought-out good-mood looks.<\/span> <span class=\"JLqJ4b ChMk0b\" data-language-for-alternatives=\"en\" data-language-to-translate-into=\"de\" data-phrase-index=\"3\">And now the Londoner by choice is teaming up with the pottery brand Power Pottery to celebrate homeware ceramics.<\/span> <span class=\"JLqJ4b ChMk0b\" data-language-for-alternatives=\"en\" data-language-to-translate-into=\"de\" data-phrase-index=\"4\">The result?<\/span> <span class=\"JLqJ4b ChMk0b\" data-language-for-alternatives=\"en\" data-language-to-translate-into=\"de\" data-phrase-index=\"5\">Vases, plates and candle holders with imperfect and organic shapes that express the female body in all its beautiful facets.<\/span> <span class=\"JLqJ4b ChMk0b\" data-language-for-alternatives=\"en\" data-language-to-translate-into=\"de\" data-phrase-index=\"6\">The ceramic gems are of course painted with the Sabinna-typical flower print.<\/span><\/span><\/p>\n<p><a href=\"https:\/\/www.sabinna.com\/category\/home\/\" target=\"_blank\" rel=\"noopener\"><span class=\"VIiyi\" lang=\"en\"><span class=\"JLqJ4b ChMk0b\" data-language-for-alternatives=\"en\" data-language-to-translate-into=\"de\" data-phrase-index=\"8\">Limited availability via the shop (from 55 euros<\/span><\/span>) &gt;&gt;&gt;<\/a><\/p>\n<p><img loading=\"lazy\" decoding=\"async\" class=\"aligncenter size-full wp-image-20269\" src=\"https:\/\/greenstyle-muc.com\/wp-content\/uploads\/2021\/06\/TOMS2.jpg\" alt=\"\" width=\"1400\" height=\"933\" srcset=\"https:\/\/greenstyle-muc.com\/wp-content\/uploads\/2021\/06\/TOMS2.jpg 1400w, https:\/\/greenstyle-muc.com\/wp-content\/uploads\/2021\/06\/TOMS2-300x200.jpg 300w, https:\/\/greenstyle-muc.com\/wp-content\/uploads\/2021\/06\/TOMS2-1024x682.jpg 1024w, https:\/\/greenstyle-muc.com\/wp-content\/uploads\/2021\/06\/TOMS2-768x512.jpg 768w, https:\/\/greenstyle-muc.com\/wp-content\/uploads\/2021\/06\/TOMS2-600x400.jpg 600w\" sizes=\"(max-width: 1400px) 100vw, 1400px\" \/><\/p>\n<h2><span class=\"VIiyi\" lang=\"en\"><span class=\"JLqJ4b ChMk0b\" data-language-for-alternatives=\"en\" data-language-to-translate-into=\"de\" data-phrase-index=\"0\">Take off and do good with TOMS<\/span><\/span><\/h2>\n<p><span class=\"VIiyi\" lang=\"en\"><span class=\"JLqJ4b ChMk0b\" data-language-for-alternatives=\"en\" data-language-to-translate-into=\"de\" data-phrase-index=\"2\">TOMS has been committed to giving people the same opportunity to improve their future since 2006.<\/span> <span class=\"JLqJ4b ChMk0b\" data-language-for-alternatives=\"en\" data-language-to-translate-into=\"de\" data-phrase-index=\"3\">They succeeded.<\/span> <span class=\"JLqJ4b ChMk0b\" data-language-for-alternatives=\"en\" data-language-to-translate-into=\"de\" data-phrase-index=\"4\">TOMS has already made a positive impact on over 100 million lives with a third of its profits thanks to the support of the work of nonprofits.<\/span> <span class=\"JLqJ4b ChMk0b\" data-language-for-alternatives=\"en\" data-language-to-translate-into=\"de\" data-phrase-index=\"5\">Now the brand has developed a new model: The Mallow is the further development of the iconic Alpargata.<\/span> <span class=\"JLqJ4b ChMk0b\" data-language-for-alternatives=\"en\" data-language-to-translate-into=\"de\" data-phrase-index=\"6\">Viewed from above, it can be clearly seen that this is TOMS.<\/span> <span class=\"JLqJ4b ChMk0b\" data-language-for-alternatives=\"en\" data-language-to-translate-into=\"de\" data-phrase-index=\"7\">The view from the side makes it clear what distinguishes the Mallow (price: 65 euros).<\/span> <span class=\"JLqJ4b ChMk0b\" data-language-for-alternatives=\"en\" data-language-to-translate-into=\"de\" data-phrase-index=\"8\">The (white!) Platform sole is three times as high as its predecessor.<\/span><\/span><\/p>\n<p><a href=\"https:\/\/www.toms.com\/de\/search?q=mallow&amp;search-button=&amp;lang=de_DE\"><span class=\"VIiyi\" lang=\"en\"><span class=\"JLqJ4b ChMk0b\" data-language-for-alternatives=\"en\" data-language-to-translate-into=\"de\" data-phrase-index=\"10\">Float on cloud nine now and support mental health organizations<\/span><\/span> &gt;&gt;&gt;<\/a><\/p>\n<figure id=\"attachment_19916\" aria-describedby=\"caption-attachment-19916\" style=\"width: 1400px\" class=\"wp-caption alignnone\"><img loading=\"lazy\" decoding=\"async\" class=\"wp-image-19917 size-full\" src=\"https:\/\/greenstyle-muc.com\/wp-content\/uploads\/2021\/06\/erlich-textil_\u00a9AlinaSchessler-168.jpg\" alt=\"the future of fashion\" width=\"1400\" height=\"636\" srcset=\"https:\/\/greenstyle-muc.com\/wp-content\/uploads\/2021\/06\/erlich-textil_\u00a9AlinaSchessler-168.jpg 1400w, https:\/\/greenstyle-muc.com\/wp-content\/uploads\/2021\/06\/erlich-textil_\u00a9AlinaSchessler-168-300x136.jpg 300w, https:\/\/greenstyle-muc.com\/wp-content\/uploads\/2021\/06\/erlich-textil_\u00a9AlinaSchessler-168-1024x465.jpg 1024w, https:\/\/greenstyle-muc.com\/wp-content\/uploads\/2021\/06\/erlich-textil_\u00a9AlinaSchessler-168-768x349.jpg 768w\" sizes=\"(max-width: 1400px) 100vw, 1400px\" \/><figcaption id=\"caption-attachment-19916\" class=\"wp-caption-text\">\u00a9 Alina Schessler<\/figcaption><\/figure>\n<h2><span class=\"VIiyi\" lang=\"en\"><span class=\"JLqJ4b ChMk0b\" data-language-for-alternatives=\"en\" data-language-to-translate-into=\"de\" data-phrase-index=\"0\">New at erlich textil: nightwear<\/span><\/span><\/h2>\n<p><span class=\"VIiyi\" lang=\"en\"><span class=\"JLqJ4b ChMk0b\" data-language-for-alternatives=\"en\" data-language-to-translate-into=\"de\" data-phrase-index=\"2\">Short and long trousers for men, boyfriend shirts or two-piece suits made of a tank top and shorts for women: With the new nightwear collection with cozy cuts and fantastic materials (100 percent organic cotton), the fair fashion brand from Cologne is now making its fans happy even at night.<\/span> <span class=\"JLqJ4b ChMk0b\" data-language-for-alternatives=\"en\" data-language-to-translate-into=\"de\" data-phrase-index=\"3\">Incidentally, the wool white and midnight blue styles are produced by the Seifert textile manufacturer in Eibenstock \/ Ore Mountains in Saxony.<\/span> <span class=\"JLqJ4b ChMk0b\" data-language-for-alternatives=\"en\" data-language-to-translate-into=\"de\" data-phrase-index=\"4\">The company, which has existed since 1977, was taken over by designer <\/span><\/span><span class=\"VIiyi\" lang=\"en\"><span class=\"JLqJ4b ChMk0b\" data-language-for-alternatives=\"en\" data-language-to-translate-into=\"de\" data-phrase-index=\"4\">Maria Seifert in 2020.<\/span><\/span><\/p>\n<p><a href=\"https:\/\/erlich-textil.de\/nachtwaesche-baumwolle.html\" target=\"_blank\" rel=\"noopener\">D<span class=\"VIiyi\" lang=\"en\"><span class=\"JLqJ4b ChMk0b\" data-language-for-alternatives=\"en\" data-language-to-translate-into=\"de\" data-phrase-index=\"0\">iscover the nightwear here<\/span><\/span> &gt;&gt;&gt;<\/a><br \/>\n<a href=\"https:\/\/www.textilmanufaktur-seifert.de\/\" target=\"_blank\" rel=\"noopener\"><span class=\"VIiyi\" lang=\"en\"><span class=\"JLqJ4b ChMk0b\" data-language-for-alternatives=\"en\" data-language-to-translate-into=\"de\" data-phrase-index=\"0\">Find out more about Maria Seifert<\/span><\/span> &gt;&gt;&gt;<\/a><\/p>\n<p><img loading=\"lazy\" decoding=\"async\" class=\"alignnone wp-image-19919 size-full\" src=\"https:\/\/greenstyle-muc.com\/wp-content\/uploads\/2021\/06\/Giftd.jpg\" alt=\"the future of fashion\" width=\"1400\" height=\"925\" srcset=\"https:\/\/greenstyle-muc.com\/wp-content\/uploads\/2021\/06\/Giftd.jpg 1400w, https:\/\/greenstyle-muc.com\/wp-content\/uploads\/2021\/06\/Giftd-300x198.jpg 300w, https:\/\/greenstyle-muc.com\/wp-content\/uploads\/2021\/06\/Giftd-1024x677.jpg 1024w, https:\/\/greenstyle-muc.com\/wp-content\/uploads\/2021\/06\/Giftd-768x507.jpg 768w\" sizes=\"(max-width: 1400px) 100vw, 1400px\" \/><\/p>\n<h2>Now live: Giftd.app<\/h2>\n<p><span class=\"VIiyi\" lang=\"en\"><span class=\"JLqJ4b ChMk0b\" data-language-for-alternatives=\"en\" data-language-to-translate-into=\"de\" data-phrase-index=\"2\">What do I do with discarded clothing?<\/span> <span class=\"JLqJ4b ChMk0b\" data-language-for-alternatives=\"en\" data-language-to-translate-into=\"de\" data-phrase-index=\"3\">Sell at the flea market or a second hand platform.<\/span> <span class=\"JLqJ4b ChMk0b\" data-language-for-alternatives=\"en\" data-language-to-translate-into=\"de\" data-phrase-index=\"4\">Or rent, as is possible on the platform of CLOTHESfriends, <a href=\"https:\/\/greenstyle-muc.com\/en\/wedress-collective\/\">WeDress Collective<\/a> or NARNY.<\/span> <span class=\"JLqJ4b ChMk0b\" data-language-for-alternatives=\"en\" data-language-to-translate-into=\"de\" data-phrase-index=\"5\">Or just give it away.<\/span> <span class=\"JLqJ4b ChMk0b\" data-language-for-alternatives=\"en\" data-language-to-translate-into=\"de\" data-phrase-index=\"6\">Silfir founder Hanna Krominga pursues this approach together with Michael Gegg.<\/span> <span class=\"JLqJ4b ChMk0b\" data-language-for-alternatives=\"en\" data-language-to-translate-into=\"de\" data-phrase-index=\"7\">The two want to close cycles and reduce clothing waste.<\/span> <span class=\"JLqJ4b ChMk0b\" data-language-for-alternatives=\"en\" data-language-to-translate-into=\"de\" data-phrase-index=\"8\">That is why they have developed an app with the help of which you can give away favorite clothes to friends, family and neighbors.<\/span> <\/span><\/p>\n<p><a href=\"https:\/\/www.giftd.app\/\" target=\"_blank\" rel=\"noopener\"><span class=\"VIiyi\" lang=\"en\"><span class=\"JLqJ4b ChMk0b\" data-language-for-alternatives=\"en\" data-language-to-translate-into=\"de\" data-phrase-index=\"10\">Become part of the fashion revolution 4.0 and download the BETA version of the app<\/span><\/span> n &gt;&gt;&gt;<\/a><\/p>\n<p><img loading=\"lazy\" decoding=\"async\" class=\"alignnone wp-image-19921 size-full\" src=\"https:\/\/greenstyle-muc.com\/wp-content\/uploads\/2021\/06\/Lotta.jpg\" alt=\"the future of fashion\" width=\"1400\" height=\"777\" srcset=\"https:\/\/greenstyle-muc.com\/wp-content\/uploads\/2021\/06\/Lotta.jpg 1400w, https:\/\/greenstyle-muc.com\/wp-content\/uploads\/2021\/06\/Lotta-300x167.jpg 300w, https:\/\/greenstyle-muc.com\/wp-content\/uploads\/2021\/06\/Lotta-1024x568.jpg 1024w, https:\/\/greenstyle-muc.com\/wp-content\/uploads\/2021\/06\/Lotta-768x426.jpg 768w\" sizes=\"(max-width: 1400px) 100vw, 1400px\" \/><\/p>\n<h2>Spotted: LOTTA&amp;EMIL<\/h2>\n<p><span class=\"VIiyi\" lang=\"en\"><span class=\"JLqJ4b ChMk0b\" data-language-for-alternatives=\"en\" data-language-to-translate-into=\"de\" data-phrase-index=\"2\">Again and again we encounter brands with sustainable concepts and great collections.<\/span> <span class=\"JLqJ4b ChMk0b\" data-language-for-alternatives=\"en\" data-language-to-translate-into=\"de\" data-phrase-index=\"3\">Like LOTTA &amp; EMIL.<\/span> <span class=\"JLqJ4b ChMk0b\" data-language-for-alternatives=\"en\" data-language-to-translate-into=\"de\" data-phrase-index=\"4\">The Osnabr\u00fcck start-up with leather sneakers for her and kids, her + him.<\/span> <span class=\"JLqJ4b ChMk0b\" data-language-for-alternatives=\"en\" data-language-to-translate-into=\"de\" data-phrase-index=\"5\">Lars and Nora Meyer founded the company in 2018 because, as a family of five, they were repeatedly faced with the problem of finding good but affordable leather shoes for the family.<\/span> <span class=\"JLqJ4b ChMk0b\" data-language-for-alternatives=\"en\" data-language-to-translate-into=\"de\" data-phrase-index=\"6\">Why are shoes so expensive?<\/span> <span class=\"JLqJ4b ChMk0b\" data-language-for-alternatives=\"en\" data-language-to-translate-into=\"de\" data-phrase-index=\"7\">Because there are usually too many middlemen.<\/span> <span class=\"JLqJ4b ChMk0b\" data-language-for-alternatives=\"en\" data-language-to-translate-into=\"de\" data-phrase-index=\"8\">The two do without that.<\/span> <span class=\"JLqJ4b ChMk0b\" data-language-for-alternatives=\"en\" data-language-to-translate-into=\"de\" data-phrase-index=\"9\">They work directly with suppliers from Europe and sell their shoes directly online in order to be able to offer their leather sneakers made in Portugal at a reasonable price.<\/span> <span class=\"JLqJ4b ChMk0b\" data-language-for-alternatives=\"en\" data-language-to-translate-into=\"de\" data-phrase-index=\"10\">Good to know: The leather in the current collection has not yet been tanned completely without the use of chromium.<\/span> <span class=\"JLqJ4b ChMk0b\" data-language-for-alternatives=\"en\" data-language-to-translate-into=\"de\" data-phrase-index=\"11\">The switch to vegetable leather is in progress.<\/span><\/span><\/p>\n<p><a href=\"https:\/\/lottaundemil.de\/\" target=\"_blank\" rel=\"noopener\">Discover now &gt;&gt;&gt;<\/a><\/p>\n<p><img loading=\"lazy\" decoding=\"async\" class=\"alignnone wp-image-19923 size-full\" src=\"https:\/\/greenstyle-muc.com\/wp-content\/uploads\/2021\/06\/north.jpg\" alt=\"the future of fashion\" width=\"1400\" height=\"548\" srcset=\"https:\/\/greenstyle-muc.com\/wp-content\/uploads\/2021\/06\/north.jpg 1400w, https:\/\/greenstyle-muc.com\/wp-content\/uploads\/2021\/06\/north-300x117.jpg 300w, https:\/\/greenstyle-muc.com\/wp-content\/uploads\/2021\/06\/north-1024x401.jpg 1024w, https:\/\/greenstyle-muc.com\/wp-content\/uploads\/2021\/06\/north-768x301.jpg 768w\" sizes=\"(max-width: 1400px) 100vw, 1400px\" \/><\/p>\n<h2>Go beyond by North Sails<\/h2>\n<p><strong><span class=\"VIiyi\" lang=\"en\"><span class=\"JLqJ4b ChMk0b\" data-language-for-alternatives=\"en\" data-language-to-translate-into=\"de\" data-phrase-index=\"0\">On the occasion of the World Ocean Day, North Sails is continuing its GO BEYOND campaign and supporting the \u201cOcean &amp; Climate Project\u201d.<\/span> <span class=\"JLqJ4b ChMk0b\" data-language-for-alternatives=\"en\" data-language-to-translate-into=\"de\" data-phrase-index=\"1\">Ten artists create ten ocean-inspired murals.<\/span> <span class=\"JLqJ4b ChMk0b\" data-language-for-alternatives=\"en\" data-language-to-translate-into=\"de\" data-phrase-index=\"2\">It goes without saying that ecologically degradable wall paint is used here.<\/span> <span class=\"JLqJ4b ChMk0b\" data-language-for-alternatives=\"en\" data-language-to-translate-into=\"de\" data-phrase-index=\"3\">The image of the duo Nabla &amp; Zibe can be seen on the limited T-shirts available from June 8th.<\/span> <span class=\"JLqJ4b ChMk0b\" data-language-for-alternatives=\"en\" data-language-to-translate-into=\"de\" data-phrase-index=\"4\">30 percent of the proceeds go to the 30&#215;30 project, an initiative that has set itself the task of converting 30 percent of the Italian sea into marine protected areas by 2030.<\/span> <span class=\"JLqJ4b ChMk0b\" data-language-for-alternatives=\"en\" data-language-to-translate-into=\"de\" data-phrase-index=\"5\">Price: 45 euros<\/span><\/span><\/strong><\/p>\n<p><a href=\"https:\/\/webstore.northsails.com\/de\/de\/world-oceans-day.html\" target=\"_blank\" rel=\"noopener\"><span class=\"VIiyi\" lang=\"en\"><span class=\"JLqJ4b ChMk0b\" data-language-for-alternatives=\"en\" data-language-to-translate-into=\"de\" data-phrase-index=\"7\">Support the GO BEYOND campaign with the purchase of the charity t-shirt<\/span><\/span> &gt;&gt;&gt;<\/a><\/p>\n<p>Published: 15.6.2021<\/p>\n","protected":false},"excerpt":{"rendered":"<p>It&#8217;s fantastic to see what moves her in the field of sustainable fashion. A new label here, a creative concept there. Exciting collaborations, innovative formats, visionary developments. With our quick &#038; (not!) Dirty GOOD news we give a brief overview of various developments in the sustainable fashion sector. Why? So that we all stay up-to-date and have other topics than Corona<\/p>\n","protected":false},"author":3,"featured_media":21851,"comment_status":"open","ping_status":"open","sticky":false,"template":"","format":"standard","meta":{"_acf_changed":false,"footnotes":""},"categories":[403,467,294],"tags":[295,760,794,761,762,768,763],"acf":[],"yoast_head":"<!-- This site is optimized with the Yoast SEO plugin v22.6 - https:\/\/yoast.com\/wordpress\/plugins\/seo\/ -->\n<title>GOOD news \u2013 the future of fashion is slow - GREENSTYLE<\/title>\n<meta name=\"description\" content=\"Good news: The future of fashion is slow. It&#039;s fantastic to see what moves her in the field of sustainable fashion.\" \/>\n<meta name=\"robots\" content=\"index, follow, max-snippet:-1, max-image-preview:large, max-video-preview:-1\" \/>\n<link rel=\"canonical\" href=\"https:\/\/greenstyle-muc.com\/en\/good-news-the-future-of-fashion-is-slow\/\" \/>\n<meta property=\"og:locale\" content=\"en_US\" \/>\n<meta property=\"og:type\" content=\"article\" \/>\n<meta property=\"og:title\" content=\"GOOD news \u2013 the future of fashion is slow - GREENSTYLE\" \/>\n<meta property=\"og:description\" content=\"Good news: The future of fashion is slow. It&#039;s fantastic to see what moves her in the field of sustainable fashion.\" \/>\n<meta property=\"og:url\" content=\"https:\/\/greenstyle-muc.com\/en\/good-news-the-future-of-fashion-is-slow\/\" \/>\n<meta property=\"og:site_name\" content=\"GREENSTYLE\" \/>\n<meta property=\"article:published_time\" content=\"2021-07-14T06:25:37+00:00\" \/>\n<meta property=\"article:modified_time\" content=\"2021-07-28T15:22:51+00:00\" \/>\n<meta property=\"og:image\" content=\"https:\/\/greenstyle-muc.com\/wp-content\/uploads\/2021\/11\/Beitrag-12.jpg\" \/>\n\t<meta property=\"og:image:width\" content=\"1280\" \/>\n\t<meta property=\"og:image:height\" content=\"720\" \/>\n\t<meta property=\"og:image:type\" content=\"image\/jpeg\" \/>\n<meta name=\"author\" content=\"Mirjam Smend\" \/>\n<meta name=\"twitter:card\" content=\"summary_large_image\" \/>\n<meta name=\"twitter:label1\" content=\"Written by\" \/>\n\t<meta name=\"twitter:data1\" content=\"Mirjam Smend\" \/>\n\t<meta name=\"twitter:label2\" content=\"Est. reading time\" \/>\n\t<meta name=\"twitter:data2\" content=\"9 minutes\" \/>\n<script type=\"application\/ld+json\" class=\"yoast-schema-graph\">{\"@context\":\"https:\/\/schema.org\",\"@graph\":[{\"@type\":\"Article\",\"@id\":\"https:\/\/greenstyle-muc.com\/en\/good-news-the-future-of-fashion-is-slow\/#article\",\"isPartOf\":{\"@id\":\"https:\/\/greenstyle-muc.com\/en\/good-news-the-future-of-fashion-is-slow\/\"},\"author\":{\"name\":\"Mirjam Smend\",\"@id\":\"https:\/\/greenstyle-muc.com\/en\/#\/schema\/person\/6c0cf80c39c77ce2010f8d26e300f9fd\"},\"headline\":\"GOOD news \u2013 the future of fashion is slow\",\"datePublished\":\"2021-07-14T06:25:37+00:00\",\"dateModified\":\"2021-07-28T15:22:51+00:00\",\"mainEntityOfPage\":{\"@id\":\"https:\/\/greenstyle-muc.com\/en\/good-news-the-future-of-fashion-is-slow\/\"},\"wordCount\":1417,\"commentCount\":0,\"publisher\":{\"@id\":\"https:\/\/greenstyle-muc.com\/en\/#organization\"},\"image\":{\"@id\":\"https:\/\/greenstyle-muc.com\/en\/good-news-the-future-of-fashion-is-slow\/#primaryimage\"},\"thumbnailUrl\":\"https:\/\/greenstyle-muc.com\/wp-content\/uploads\/2021\/11\/Beitrag-12.jpg\",\"keywords\":[\"dawn\",\"erlich Textil\",\"Lanius\",\"Lotta&amp;Emil\",\"North Sails\",\"Sabinna\",\"Silfir\"],\"articleSection\":[\"GOOD NEWS\",\"Greenzine\",\"News\"],\"inLanguage\":\"en-US\",\"potentialAction\":[{\"@type\":\"CommentAction\",\"name\":\"Comment\",\"target\":[\"https:\/\/greenstyle-muc.com\/en\/good-news-the-future-of-fashion-is-slow\/#respond\"]}]},{\"@type\":\"WebPage\",\"@id\":\"https:\/\/greenstyle-muc.com\/en\/good-news-the-future-of-fashion-is-slow\/\",\"url\":\"https:\/\/greenstyle-muc.com\/en\/good-news-the-future-of-fashion-is-slow\/\",\"name\":\"GOOD news \u2013 the future of fashion is slow - GREENSTYLE\",\"isPartOf\":{\"@id\":\"https:\/\/greenstyle-muc.com\/en\/#website\"},\"primaryImageOfPage\":{\"@id\":\"https:\/\/greenstyle-muc.com\/en\/good-news-the-future-of-fashion-is-slow\/#primaryimage\"},\"image\":{\"@id\":\"https:\/\/greenstyle-muc.com\/en\/good-news-the-future-of-fashion-is-slow\/#primaryimage\"},\"thumbnailUrl\":\"https:\/\/greenstyle-muc.com\/wp-content\/uploads\/2021\/11\/Beitrag-12.jpg\",\"datePublished\":\"2021-07-14T06:25:37+00:00\",\"dateModified\":\"2021-07-28T15:22:51+00:00\",\"description\":\"Good news: The future of fashion is slow. It's fantastic to see what moves her in the field of sustainable fashion.\",\"breadcrumb\":{\"@id\":\"https:\/\/greenstyle-muc.com\/en\/good-news-the-future-of-fashion-is-slow\/#breadcrumb\"},\"inLanguage\":\"en-US\",\"potentialAction\":[{\"@type\":\"ReadAction\",\"target\":[\"https:\/\/greenstyle-muc.com\/en\/good-news-the-future-of-fashion-is-slow\/\"]}]},{\"@type\":\"ImageObject\",\"inLanguage\":\"en-US\",\"@id\":\"https:\/\/greenstyle-muc.com\/en\/good-news-the-future-of-fashion-is-slow\/#primaryimage\",\"url\":\"https:\/\/greenstyle-muc.com\/wp-content\/uploads\/2021\/11\/Beitrag-12.jpg\",\"contentUrl\":\"https:\/\/greenstyle-muc.com\/wp-content\/uploads\/2021\/11\/Beitrag-12.jpg\",\"width\":1280,\"height\":720,\"caption\":\"the future of fashion\"},{\"@type\":\"BreadcrumbList\",\"@id\":\"https:\/\/greenstyle-muc.com\/en\/good-news-the-future-of-fashion-is-slow\/#breadcrumb\",\"itemListElement\":[{\"@type\":\"ListItem\",\"position\":1,\"name\":\"Home\",\"item\":\"https:\/\/greenstyle-muc.com\/en\/\"},{\"@type\":\"ListItem\",\"position\":2,\"name\":\"GOOD news \u2013 the future of fashion is slow\"}]},{\"@type\":\"WebSite\",\"@id\":\"https:\/\/greenstyle-muc.com\/en\/#website\",\"url\":\"https:\/\/greenstyle-muc.com\/en\/\",\"name\":\"GREENSTYLE\",\"description\":\"News, People, Brands, Ideas, Interviews, Podcasts. For Makers, Game Changers, Community #bettertogether\",\"publisher\":{\"@id\":\"https:\/\/greenstyle-muc.com\/en\/#organization\"},\"potentialAction\":[{\"@type\":\"SearchAction\",\"target\":{\"@type\":\"EntryPoint\",\"urlTemplate\":\"https:\/\/greenstyle-muc.com\/en\/?s={search_term_string}\"},\"query-input\":\"required name=search_term_string\"}],\"inLanguage\":\"en-US\"},{\"@type\":\"Organization\",\"@id\":\"https:\/\/greenstyle-muc.com\/en\/#organization\",\"name\":\"GREENSTYLE MUC\",\"url\":\"https:\/\/greenstyle-muc.com\/en\/\",\"logo\":{\"@type\":\"ImageObject\",\"inLanguage\":\"en-US\",\"@id\":\"https:\/\/greenstyle-muc.com\/en\/#\/schema\/logo\/image\/\",\"url\":\"https:\/\/greenstyle-muc.com\/wp-content\/uploads\/2020\/05\/cropped-Greenstyle_Logo_GMUC_Favikon-1.jpg\",\"contentUrl\":\"https:\/\/greenstyle-muc.com\/wp-content\/uploads\/2020\/05\/cropped-Greenstyle_Logo_GMUC_Favikon-1.jpg\",\"width\":512,\"height\":512,\"caption\":\"GREENSTYLE MUC\"},\"image\":{\"@id\":\"https:\/\/greenstyle-muc.com\/en\/#\/schema\/logo\/image\/\"}},{\"@type\":\"Person\",\"@id\":\"https:\/\/greenstyle-muc.com\/en\/#\/schema\/person\/6c0cf80c39c77ce2010f8d26e300f9fd\",\"name\":\"Mirjam Smend\",\"image\":{\"@type\":\"ImageObject\",\"inLanguage\":\"en-US\",\"@id\":\"https:\/\/greenstyle-muc.com\/en\/#\/schema\/person\/image\/\",\"url\":\"https:\/\/secure.gravatar.com\/avatar\/2e9b5c8704045746ae2aef886a1ac564?s=96&d=mm&r=g\",\"contentUrl\":\"https:\/\/secure.gravatar.com\/avatar\/2e9b5c8704045746ae2aef886a1ac564?s=96&d=mm&r=g\",\"caption\":\"Mirjam Smend\"},\"url\":\"https:\/\/greenstyle-muc.com\/en\/author\/mirjam-muc\/\"}]}<\/script>\n<!-- \/ Yoast SEO plugin. -->","yoast_head_json":{"title":"GOOD news \u2013 the future of fashion is slow - GREENSTYLE","description":"Good news: The future of fashion is slow. It's fantastic to see what moves her in the field of sustainable fashion.","robots":{"index":"index","follow":"follow","max-snippet":"max-snippet:-1","max-image-preview":"max-image-preview:large","max-video-preview":"max-video-preview:-1"},"canonical":"https:\/\/greenstyle-muc.com\/en\/good-news-the-future-of-fashion-is-slow\/","og_locale":"en_US","og_type":"article","og_title":"GOOD news \u2013 the future of fashion is slow - GREENSTYLE","og_description":"Good news: The future of fashion is slow. It's fantastic to see what moves her in the field of sustainable fashion.","og_url":"https:\/\/greenstyle-muc.com\/en\/good-news-the-future-of-fashion-is-slow\/","og_site_name":"GREENSTYLE","article_published_time":"2021-07-14T06:25:37+00:00","article_modified_time":"2021-07-28T15:22:51+00:00","og_image":[{"width":1280,"height":720,"url":"https:\/\/greenstyle-muc.com\/wp-content\/uploads\/2021\/11\/Beitrag-12.jpg","type":"image\/jpeg"}],"author":"Mirjam Smend","twitter_card":"summary_large_image","twitter_misc":{"Written by":"Mirjam Smend","Est. reading time":"9 minutes"},"schema":{"@context":"https:\/\/schema.org","@graph":[{"@type":"Article","@id":"https:\/\/greenstyle-muc.com\/en\/good-news-the-future-of-fashion-is-slow\/#article","isPartOf":{"@id":"https:\/\/greenstyle-muc.com\/en\/good-news-the-future-of-fashion-is-slow\/"},"author":{"name":"Mirjam Smend","@id":"https:\/\/greenstyle-muc.com\/en\/#\/schema\/person\/6c0cf80c39c77ce2010f8d26e300f9fd"},"headline":"GOOD news \u2013 the future of fashion is slow","datePublished":"2021-07-14T06:25:37+00:00","dateModified":"2021-07-28T15:22:51+00:00","mainEntityOfPage":{"@id":"https:\/\/greenstyle-muc.com\/en\/good-news-the-future-of-fashion-is-slow\/"},"wordCount":1417,"commentCount":0,"publisher":{"@id":"https:\/\/greenstyle-muc.com\/en\/#organization"},"image":{"@id":"https:\/\/greenstyle-muc.com\/en\/good-news-the-future-of-fashion-is-slow\/#primaryimage"},"thumbnailUrl":"https:\/\/greenstyle-muc.com\/wp-content\/uploads\/2021\/11\/Beitrag-12.jpg","keywords":["dawn","erlich Textil","Lanius","Lotta&amp;Emil","North Sails","Sabinna","Silfir"],"articleSection":["GOOD NEWS","Greenzine","News"],"inLanguage":"en-US","potentialAction":[{"@type":"CommentAction","name":"Comment","target":["https:\/\/greenstyle-muc.com\/en\/good-news-the-future-of-fashion-is-slow\/#respond"]}]},{"@type":"WebPage","@id":"https:\/\/greenstyle-muc.com\/en\/good-news-the-future-of-fashion-is-slow\/","url":"https:\/\/greenstyle-muc.com\/en\/good-news-the-future-of-fashion-is-slow\/","name":"GOOD news \u2013 the future of fashion is slow - GREENSTYLE","isPartOf":{"@id":"https:\/\/greenstyle-muc.com\/en\/#website"},"primaryImageOfPage":{"@id":"https:\/\/greenstyle-muc.com\/en\/good-news-the-future-of-fashion-is-slow\/#primaryimage"},"image":{"@id":"https:\/\/greenstyle-muc.com\/en\/good-news-the-future-of-fashion-is-slow\/#primaryimage"},"thumbnailUrl":"https:\/\/greenstyle-muc.com\/wp-content\/uploads\/2021\/11\/Beitrag-12.jpg","datePublished":"2021-07-14T06:25:37+00:00","dateModified":"2021-07-28T15:22:51+00:00","description":"Good news: The future of fashion is slow. It's fantastic to see what moves her in the field of sustainable fashion.","breadcrumb":{"@id":"https:\/\/greenstyle-muc.com\/en\/good-news-the-future-of-fashion-is-slow\/#breadcrumb"},"inLanguage":"en-US","potentialAction":[{"@type":"ReadAction","target":["https:\/\/greenstyle-muc.com\/en\/good-news-the-future-of-fashion-is-slow\/"]}]},{"@type":"ImageObject","inLanguage":"en-US","@id":"https:\/\/greenstyle-muc.com\/en\/good-news-the-future-of-fashion-is-slow\/#primaryimage","url":"https:\/\/greenstyle-muc.com\/wp-content\/uploads\/2021\/11\/Beitrag-12.jpg","contentUrl":"https:\/\/greenstyle-muc.com\/wp-content\/uploads\/2021\/11\/Beitrag-12.jpg","width":1280,"height":720,"caption":"the future of fashion"},{"@type":"BreadcrumbList","@id":"https:\/\/greenstyle-muc.com\/en\/good-news-the-future-of-fashion-is-slow\/#breadcrumb","itemListElement":[{"@type":"ListItem","position":1,"name":"Home","item":"https:\/\/greenstyle-muc.com\/en\/"},{"@type":"ListItem","position":2,"name":"GOOD news \u2013 the future of fashion is slow"}]},{"@type":"WebSite","@id":"https:\/\/greenstyle-muc.com\/en\/#website","url":"https:\/\/greenstyle-muc.com\/en\/","name":"GREENSTYLE","description":"News, People, Brands, Ideas, Interviews, Podcasts. For Makers, Game Changers, Community #bettertogether","publisher":{"@id":"https:\/\/greenstyle-muc.com\/en\/#organization"},"potentialAction":[{"@type":"SearchAction","target":{"@type":"EntryPoint","urlTemplate":"https:\/\/greenstyle-muc.com\/en\/?s={search_term_string}"},"query-input":"required name=search_term_string"}],"inLanguage":"en-US"},{"@type":"Organization","@id":"https:\/\/greenstyle-muc.com\/en\/#organization","name":"GREENSTYLE MUC","url":"https:\/\/greenstyle-muc.com\/en\/","logo":{"@type":"ImageObject","inLanguage":"en-US","@id":"https:\/\/greenstyle-muc.com\/en\/#\/schema\/logo\/image\/","url":"https:\/\/greenstyle-muc.com\/wp-content\/uploads\/2020\/05\/cropped-Greenstyle_Logo_GMUC_Favikon-1.jpg","contentUrl":"https:\/\/greenstyle-muc.com\/wp-content\/uploads\/2020\/05\/cropped-Greenstyle_Logo_GMUC_Favikon-1.jpg","width":512,"height":512,"caption":"GREENSTYLE MUC"},"image":{"@id":"https:\/\/greenstyle-muc.com\/en\/#\/schema\/logo\/image\/"}},{"@type":"Person","@id":"https:\/\/greenstyle-muc.com\/en\/#\/schema\/person\/6c0cf80c39c77ce2010f8d26e300f9fd","name":"Mirjam Smend","image":{"@type":"ImageObject","inLanguage":"en-US","@id":"https:\/\/greenstyle-muc.com\/en\/#\/schema\/person\/image\/","url":"https:\/\/secure.gravatar.com\/avatar\/2e9b5c8704045746ae2aef886a1ac564?s=96&d=mm&r=g","contentUrl":"https:\/\/secure.gravatar.com\/avatar\/2e9b5c8704045746ae2aef886a1ac564?s=96&d=mm&r=g","caption":"Mirjam Smend"},"url":"https:\/\/greenstyle-muc.com\/en\/author\/mirjam-muc\/"}]}},"_links":{"self":[{"href":"https:\/\/greenstyle-muc.com\/en\/wp-json\/wp\/v2\/posts\/20051"}],"collection":[{"href":"https:\/\/greenstyle-muc.com\/en\/wp-json\/wp\/v2\/posts"}],"about":[{"href":"https:\/\/greenstyle-muc.com\/en\/wp-json\/wp\/v2\/types\/post"}],"author":[{"embeddable":true,"href":"https:\/\/greenstyle-muc.com\/en\/wp-json\/wp\/v2\/users\/3"}],"replies":[{"embeddable":true,"href":"https:\/\/greenstyle-muc.com\/en\/wp-json\/wp\/v2\/comments?post=20051"}],"version-history":[{"count":6,"href":"https:\/\/greenstyle-muc.com\/en\/wp-json\/wp\/v2\/posts\/20051\/revisions"}],"predecessor-version":[{"id":20365,"href":"https:\/\/greenstyle-muc.com\/en\/wp-json\/wp\/v2\/posts\/20051\/revisions\/20365"}],"wp:featuredmedia":[{"embeddable":true,"href":"https:\/\/greenstyle-muc.com\/en\/wp-json\/wp\/v2\/media\/21851"}],"wp:attachment":[{"href":"https:\/\/greenstyle-muc.com\/en\/wp-json\/wp\/v2\/media?parent=20051"}],"wp:term":[{"taxonomy":"category","embeddable":true,"href":"https:\/\/greenstyle-muc.com\/en\/wp-json\/wp\/v2\/categories?post=20051"},{"taxonomy":"post_tag","embeddable":true,"href":"https:\/\/greenstyle-muc.com\/en\/wp-json\/wp\/v2\/tags?post=20051"}],"curies":[{"name":"wp","href":"https:\/\/api.w.org\/{rel}","templated":true}]}}