{"id":17050,"date":"2021-02-24T21:04:01","date_gmt":"2021-02-24T20:04:01","guid":{"rendered":"https:\/\/greenstyle-muc.com\/greenstyle-frankfurt-fashion-week-back-to-the-future\/"},"modified":"2021-10-21T12:49:46","modified_gmt":"2021-10-21T10:49:46","slug":"greenstyle-frankfurt-fashion-week-back-to-the-future","status":"publish","type":"post","link":"https:\/\/greenstyle-muc.com\/en\/greenstyle-frankfurt-fashion-week-back-to-the-future\/","title":{"rendered":"Exhibitor invitation GREENSTYLE @ Frankfurt Fashion Week (21 to 23 January 2022)"},"content":{"rendered":"\t\t<div data-elementor-type=\"wp-post\" data-elementor-id=\"17050\" class=\"elementor elementor-17050\" data-elementor-post-type=\"post\">\n\t\t\t\t\t\t<section class=\"elementor-section elementor-top-section elementor-element elementor-element-1303638 elementor-section-boxed elementor-section-height-default elementor-section-height-default\" data-id=\"1303638\" data-element_type=\"section\" data-settings=\"{&quot;jet_parallax_layout_list&quot;:[{&quot;jet_parallax_layout_image&quot;:{&quot;url&quot;:&quot;&quot;,&quot;id&quot;:&quot;&quot;,&quot;size&quot;:&quot;&quot;},&quot;_id&quot;:&quot;9fe669c&quot;,&quot;jet_parallax_layout_image_tablet&quot;:{&quot;url&quot;:&quot;&quot;,&quot;id&quot;:&quot;&quot;,&quot;size&quot;:&quot;&quot;},&quot;jet_parallax_layout_image_mobile&quot;:{&quot;url&quot;:&quot;&quot;,&quot;id&quot;:&quot;&quot;,&quot;size&quot;:&quot;&quot;},&quot;jet_parallax_layout_speed&quot;:{&quot;unit&quot;:&quot;%&quot;,&quot;size&quot;:50,&quot;sizes&quot;:[]},&quot;jet_parallax_layout_type&quot;:&quot;scroll&quot;,&quot;jet_parallax_layout_direction&quot;:null,&quot;jet_parallax_layout_fx_direction&quot;:null,&quot;jet_parallax_layout_z_index&quot;:&quot;&quot;,&quot;jet_parallax_layout_bg_x&quot;:50,&quot;jet_parallax_layout_bg_x_tablet&quot;:&quot;&quot;,&quot;jet_parallax_layout_bg_x_mobile&quot;:&quot;&quot;,&quot;jet_parallax_layout_bg_y&quot;:50,&quot;jet_parallax_layout_bg_y_tablet&quot;:&quot;&quot;,&quot;jet_parallax_layout_bg_y_mobile&quot;:&quot;&quot;,&quot;jet_parallax_layout_bg_size&quot;:&quot;auto&quot;,&quot;jet_parallax_layout_bg_size_tablet&quot;:&quot;&quot;,&quot;jet_parallax_layout_bg_size_mobile&quot;:&quot;&quot;,&quot;jet_parallax_layout_animation_prop&quot;:&quot;transform&quot;,&quot;jet_parallax_layout_on&quot;:[&quot;desktop&quot;,&quot;tablet&quot;]}]}\">\n\t\t\t\t\t\t<div class=\"elementor-container elementor-column-gap-default\">\n\t\t\t\t\t<div class=\"elementor-column elementor-col-100 elementor-top-column elementor-element elementor-element-49ed366\" data-id=\"49ed366\" data-element_type=\"column\">\n\t\t\t<div class=\"elementor-widget-wrap elementor-element-populated\">\n\t\t\t\t\t\t<div class=\"elementor-element elementor-element-94587dd elementor-widget elementor-widget-text-editor\" data-id=\"94587dd\" data-element_type=\"widget\" data-widget_type=\"text-editor.default\">\n\t\t\t\t<div class=\"elementor-widget-container\">\n\t\t\t\t\t\t\t<h3 style=\"text-align: center;\"><span class=\"VIiyi\" lang=\"en\"><span class=\"JLqJ4b ChMk0b\" data-language-for-alternatives=\"en\" data-language-to-translate-into=\"de\" data-phrase-index=\"0\">GREENSTYLE @ Frankfurt Fashion Week in brief<\/span><\/span><\/h3><h4 style=\"text-align: center;\"><span style=\"color: #008000;\"><span class=\"VIiyi\" lang=\"en\"><span class=\"JLqJ4b ChMk0b\" data-language-for-alternatives=\"en\" data-language-to-translate-into=\"de\" data-phrase-index=\"0\">What: GREENSTYLE fair fashion fair<\/span> <br \/><span class=\"JLqJ4b ChMk0b\" data-language-for-alternatives=\"en\" data-language-to-translate-into=\"de\" data-phrase-index=\"2\">When: 21 to 23 January 2022<\/span> <br \/><span class=\"JLqJ4b ChMk0b\" data-language-for-alternatives=\"en\" data-language-to-translate-into=\"de\" data-phrase-index=\"4\">Opening times: Fri. 4 to 10 p.m., Sat. 10 a.m. to 7 p.m., Sun. 10 a.m. to 5 p.m.<\/span> <br \/><span class=\"JLqJ4b ChMk0b\" data-language-for-alternatives=\"en\" data-language-to-translate-into=\"de\" data-phrase-index=\"6\">Where: UNION Halle, Hanauer Landstr.<\/span> <span class=\"JLqJ4b ChMk0b\" data-language-for-alternatives=\"en\" data-language-to-translate-into=\"de\" data-phrase-index=\"7\">188, 60314 Frankfurt am Main<\/span> <br \/><span class=\"JLqJ4b ChMk0b\" data-language-for-alternatives=\"en\" data-language-to-translate-into=\"de\" data-phrase-index=\"9\">Admission: 8 euros \/ day, 15 euros \/ weekend ticket (children up to 16 years free)<\/span><\/span> <\/span><\/h4><p style=\"text-align: center;\"><span class=\"VIiyi\" lang=\"en\"><span class=\"JLqJ4b ChMk0b\" data-language-for-alternatives=\"en\" data-language-to-translate-into=\"de\" data-phrase-index=\"0\">We are entering the fifth round with GREENSTYLE, the first B2C trade fair and conference for sustainable fashion.<\/span> <span class=\"JLqJ4b ChMk0b\" data-language-for-alternatives=\"en\" data-language-to-translate-into=\"de\" data-phrase-index=\"1\">This time without a conference.<\/span> <span class=\"JLqJ4b ChMk0b\" data-language-for-alternatives=\"en\" data-language-to-translate-into=\"de\" data-phrase-index=\"2\">It is expected to take place again in April 2022 as a digital \/ hybrid <a href=\"https:\/\/greenstyle-muc.com\/en\/greenstyle-responsible-fashion-summit-login\/\">GREENSTYLE +++ (Responsible) Fashion Summit +++<\/a>.<\/span> <span class=\"JLqJ4b ChMk0b\" data-language-for-alternatives=\"en\" data-language-to-translate-into=\"de\" data-phrase-index=\"3\">We are very proud that we are an official participant of the Frankfurt Fashion Week with the anniversary event.<\/span> <span class=\"JLqJ4b ChMk0b\" data-language-for-alternatives=\"en\" data-language-to-translate-into=\"de\" data-phrase-index=\"4\">So we can provide an XL push for our topics and your collections after the pandemic-related dry spell.<\/span><\/span><\/p><blockquote><p>Are you in? Can&#8217;t wait to see you (again)!<\/p><\/blockquote><p style=\"text-align: center;\"><span class=\"VIiyi\" lang=\"en\"><span class=\"JLqJ4b ChMk0b\" data-language-for-alternatives=\"en\" data-language-to-translate-into=\"de\" data-phrase-index=\"0\">With the UNION Halle you have found a great location in Frankfurt, where your collections and products (in compliance with all necessary safety measures and hygiene concepts) get the spotlight they need and deserve.<\/span><\/span><\/p><h2 style=\"text-align: center;\"><span class=\"VIiyi\" lang=\"en\"><span class=\"JLqJ4b ChMk0b C1N51c\" data-language-for-alternatives=\"en\" data-language-to-translate-into=\"de\" data-phrase-index=\"2\">The motto of <\/span><\/span>the 5th edition? RE:THINK FASHION. NOW.<\/h2><p style=\"text-align: center;\">Gemeinsam mit Euch m\u00f6chten wir ein Zeichen setzen. Ein Zeichen f\u00fcr eine neue, gute, bessere, verantwortungsvollere Zukunft. Denn zur\u00fcck zu Normal wollen wir keinesfalls. Normal war vorher schon eine Krise.<\/p><h3 style=\"text-align: center;\"><span class=\"VIiyi\" lang=\"en\"><span class=\"JLqJ4b ChMk0b\" data-language-for-alternatives=\"en\" data-language-to-translate-into=\"de\" data-phrase-index=\"0\">Book now without risk<\/span><\/span><\/h3><p style=\"text-align: center;\"><span class=\"VIiyi\" lang=\"en\"><span class=\"JLqJ4b ChMk0b\" data-language-for-alternatives=\"en\" data-language-to-translate-into=\"de\" data-phrase-index=\"2\">If the event has to be canceled due to corona, stand fees already paid will be reimbursed.<\/span> <span class=\"JLqJ4b ChMk0b\" data-language-for-alternatives=\"en\" data-language-to-translate-into=\"de\" data-phrase-index=\"3\">We will only withhold 100 euros as a flat-rate marketing fee for the communication work done for your brand up to that point.<\/span> <span class=\"JLqJ4b ChMk0b\" data-language-for-alternatives=\"en\" data-language-to-translate-into=\"de\" data-phrase-index=\"4\">Your visibility is guaranteed &#8211; at least digitally &#8211; anyway<\/span><\/span><\/p><h3 style=\"text-align: center;\"><span class=\"VIiyi\" lang=\"en\"><span class=\"JLqJ4b ChMk0b\" data-language-for-alternatives=\"en\" data-language-to-translate-into=\"de\" data-phrase-index=\"0\">Costs for 3 days 100% GREENSTYLE<\/span><\/span> *<\/h3><p style=\"text-align: center;\">XS (2,5qm) = 500 \u20ac<br \/>S (5qm) = 800 \u20ac <br \/>M (10 qm) = 1400 \u20ac <br \/>L (15 qm) = 1950 \u20ac <br \/>*<span class=\"VIiyi\" lang=\"en\"><span class=\"JLqJ4b ChMk0b\" data-language-for-alternatives=\"en\" data-language-to-translate-into=\"de\" data-phrase-index=\"0\">All stand sizes are only available in limited numbers.<\/span> <span class=\"JLqJ4b ChMk0b\" data-language-for-alternatives=\"en\" data-language-to-translate-into=\"de\" data-phrase-index=\"1\">All prices are exclusive.<\/span> <span class=\"JLqJ4b ChMk0b\" data-language-for-alternatives=\"en\" data-language-to-translate-into=\"de\" data-phrase-index=\"2\">19% VAT.<\/span><\/span><\/p><p style=\"text-align: center;\"><a href=\"http:\/\/greenstyle-muc.com\/wp-content\/uploads\/2019\/11\/GREENSTYLE-munich-AGB-Aussteller_20_01.pdf\"><span class=\"VIiyi\" lang=\"en\"><span class=\"JLqJ4b ChMk0b\" data-language-for-alternatives=\"en\" data-language-to-translate-into=\"de\" data-phrase-index=\"0\">The terms and conditions can be downloaded here<\/span><\/span> <\/a><\/p><p style=\"text-align: center;\"><span class=\"VIiyi\" lang=\"en\"><span class=\"JLqJ4b ChMk0b\" data-language-for-alternatives=\"en\" data-language-to-translate-into=\"de\" data-phrase-index=\"0\">After registering, you will receive access to the Q&amp;A area for exhibitors.<\/span> <span class=\"JLqJ4b ChMk0b\" data-language-for-alternatives=\"en\" data-language-to-translate-into=\"de\" data-phrase-index=\"1\">Most of your questions are answered here.<\/span><\/span><\/p><h2 style=\"text-align: center;\">Your Brand @ GREENSTYLE BRAND DIRECTORY<\/h2><p style=\"text-align: center;\"><span class=\"VIiyi\" lang=\"en\"><span class=\"JLqJ4b ChMk0b\" data-language-for-alternatives=\"en\" data-language-to-translate-into=\"de\" data-phrase-index=\"0\">We can offer our exhibitors inclusion in the <a href=\"https:\/\/greenstyle-muc.com\/en\/brands\/\">GREENSTYLE BRAND DIRECTORY<\/a>, the comprehensive research tool with over 150 portraits and the smart Quick Finder for Slow Fashion, with their own brand portrait at a preferential price of 150 euros (normal price: 300 euros).<\/span> <span class=\"JLqJ4b ChMk0b\" data-language-for-alternatives=\"en\" data-language-to-translate-into=\"de\" data-phrase-index=\"1\">Let us know if you are interested.<\/span><\/span><\/p><h3 style=\"text-align: center;\">Interested? <span class=\"VIiyi\" lang=\"en\"><span class=\"JLqJ4b ChMk0b\" data-language-for-alternatives=\"en\" data-language-to-translate-into=\"de\" data-phrase-index=\"0\">Talk to us or book your stand:<\/span><\/span><\/h3><p style=\"text-align: center;\">Mirjam Smend: 0049 (0)172 8933577<br \/><a href=\"mailto:mirjam.smend@greenstyle-muc.com?subject=Ausstellereinladung%20GREENSTYLE%20%40%20Biolife\">mirjam.smend@greenstyle-muc.com<\/a><\/p><p style=\"text-align: center;\">Florens Smend: +49 (0)162 9431738<br \/><a href=\"mailto:florens.smend@greenstyle-muc.com\">florens.smend@greenstyle-muc.com<\/a><\/p><h3 style=\"text-align: center;\"><span class=\"VIiyi\" lang=\"en\"><span class=\"JLqJ4b ChMk0b\" data-language-for-alternatives=\"en\" data-language-to-translate-into=\"de\" data-phrase-index=\"0\">Back to overview:<\/span><\/span><\/h3><p style=\"text-align: center;\"><a href=\"https:\/\/greenstyle-muc.com\/ausstelleranmeldung\/\"><span class=\"VIiyi\" lang=\"en\"><span class=\"JLqJ4b ChMk0b\" data-language-for-alternatives=\"en\" data-language-to-translate-into=\"de\" data-phrase-index=\"2\">Exhibitor invitation(s): Let&#8217;s do fair(s) together<\/span><\/span> &gt;&gt;&gt;<\/a><\/p>\t\t\t\t\t\t<\/div>\n\t\t\t\t<\/div>\n\t\t\t\t\t<\/div>\n\t\t<\/div>\n\t\t\t\t\t<\/div>\n\t\t<\/section>\n\t\t\t\t<section class=\"elementor-section elementor-top-section elementor-element elementor-element-ee270ed elementor-section-boxed elementor-section-height-default elementor-section-height-default\" data-id=\"ee270ed\" data-element_type=\"section\" data-settings=\"{&quot;jet_parallax_layout_list&quot;:[{&quot;jet_parallax_layout_image&quot;:{&quot;url&quot;:&quot;&quot;,&quot;id&quot;:&quot;&quot;,&quot;size&quot;:&quot;&quot;},&quot;_id&quot;:&quot;6f4c80d&quot;,&quot;jet_parallax_layout_image_tablet&quot;:{&quot;url&quot;:&quot;&quot;,&quot;id&quot;:&quot;&quot;,&quot;size&quot;:&quot;&quot;},&quot;jet_parallax_layout_image_mobile&quot;:{&quot;url&quot;:&quot;&quot;,&quot;id&quot;:&quot;&quot;,&quot;size&quot;:&quot;&quot;},&quot;jet_parallax_layout_speed&quot;:{&quot;unit&quot;:&quot;%&quot;,&quot;size&quot;:50,&quot;sizes&quot;:[]},&quot;jet_parallax_layout_type&quot;:&quot;scroll&quot;,&quot;jet_parallax_layout_direction&quot;:null,&quot;jet_parallax_layout_fx_direction&quot;:null,&quot;jet_parallax_layout_z_index&quot;:&quot;&quot;,&quot;jet_parallax_layout_bg_x&quot;:50,&quot;jet_parallax_layout_bg_x_tablet&quot;:&quot;&quot;,&quot;jet_parallax_layout_bg_x_mobile&quot;:&quot;&quot;,&quot;jet_parallax_layout_bg_y&quot;:50,&quot;jet_parallax_layout_bg_y_tablet&quot;:&quot;&quot;,&quot;jet_parallax_layout_bg_y_mobile&quot;:&quot;&quot;,&quot;jet_parallax_layout_bg_size&quot;:&quot;auto&quot;,&quot;jet_parallax_layout_bg_size_tablet&quot;:&quot;&quot;,&quot;jet_parallax_layout_bg_size_mobile&quot;:&quot;&quot;,&quot;jet_parallax_layout_animation_prop&quot;:&quot;transform&quot;,&quot;jet_parallax_layout_on&quot;:[&quot;desktop&quot;,&quot;tablet&quot;]}]}\">\n\t\t\t\t\t\t<div class=\"elementor-container elementor-column-gap-default\">\n\t\t\t\t\t<div class=\"elementor-column elementor-col-100 elementor-top-column elementor-element elementor-element-c77430e\" data-id=\"c77430e\" data-element_type=\"column\">\n\t\t\t<div class=\"elementor-widget-wrap elementor-element-populated\">\n\t\t\t\t\t\t<div class=\"elementor-element elementor-element-65fa5c4 uael-post__link-complete-yes uael-post__arrow-outside elementor-widget elementor-widget-uael-posts\" data-id=\"65fa5c4\" data-element_type=\"widget\" data-settings=\"{&quot;card_slides_to_show&quot;:5,&quot;card_slides_to_show_tablet&quot;:2,&quot;card_slides_to_show_mobile&quot;:1}\" data-widget_type=\"uael-posts.card\">\n\t\t\t\t<div class=\"elementor-widget-container\">\n\t\t\t\t\t<div class=\"uael-post__header\">\n\t\t\t\t\t<\/div>\n\t\t<div class=\"uael-post__body\">\n\t\t\t\n\t\t\n\t\t<div class=\"uael-post-grid uael-posts\" data-query-type=\"custom\" data-structure=\"carousel\" data-layout=\"\" data-page=\"17050\" data-skin=\"card\" data-filter-default=\"\" data-offset-top=\"30\" data-post_slider=\"{&quot;slidesToShow&quot;:5,&quot;slidesToScroll&quot;:3,&quot;autoplaySpeed&quot;:5000,&quot;autoplay&quot;:true,&quot;infinite&quot;:false,&quot;pauseOnHover&quot;:true,&quot;speed&quot;:500,&quot;arrows&quot;:true,&quot;dots&quot;:false,&quot;rtl&quot;:false,&quot;prevArrow&quot;:&quot;&lt;button type=\\&quot;button\\&quot; data-role=\\&quot;none\\&quot; class=\\&quot;slick-prev\\&quot; aria-label=\\&quot;Previous\\&quot; tabindex=\\&quot;0\\&quot; role=\\&quot;button\\&quot;&gt;&lt;i class=\\&quot;fa fa-angle-left\\&quot;&gt;&lt;\\\/i&gt;&lt;\\\/button&gt;&quot;,&quot;nextArrow&quot;:&quot;&lt;button type=\\&quot;button\\&quot; data-role=\\&quot;none\\&quot; class=\\&quot;slick-next\\&quot; aria-label=\\&quot;Next\\&quot; tabindex=\\&quot;0\\&quot; role=\\&quot;button\\&quot;&gt;&lt;i class=\\&quot;fa fa-angle-right\\&quot;&gt;&lt;\\\/i&gt;&lt;\\\/button&gt;&quot;,&quot;responsive&quot;:[{&quot;breakpoint&quot;:1024,&quot;settings&quot;:{&quot;slidesToShow&quot;:2,&quot;slidesToScroll&quot;:2}},{&quot;breakpoint&quot;:767,&quot;settings&quot;:{&quot;slidesToShow&quot;:1,&quot;slidesToScroll&quot;:1}}]}\" data-equal-height=\"yes\">\n\n\t\t\t\t\t\t\t<div class=\"uael-post-grid__inner uael-post__columns-5 uael-post__columns-tablet-2 uael-post__columns-mobile-1\">\n\t\t\t\n<div class=\"uael-post-wrapper   21-november aussteller brands ehemalige-brands frankfurt-21 frankfurt-22-summer july-21 n october-21 pop-up-august-21 pop-up-may pop-up-september \">\n\t<div class=\"uael-post__bg-wrap\">\n\n\t\t\t\t\t<a href=\"https:\/\/greenstyle-muc.com\/en\/nina-rein\/\" target=\"_self\" class=\"uael-post__complete-box-overlay\" aria-label=\"Link Complete Box\"><\/a>\n\t\t\t\t\n\t\t<div class=\"uael-post__inner-wrap \">\n\n\t\t\t\t<div class=\"uael-post__thumbnail\">\n\t\t\t\n\t\t\t<a href=\"https:\/\/greenstyle-muc.com\/en\/nina-rein\/\" target=\"_self\" title=\"Nina Rein\"><img decoding=\"async\" src=\"https:\/\/greenstyle-muc.com\/wp-content\/uploads\/elementor\/thumbs\/Beitrag-4-ppkge2npwye1ixr5gs9kwf6sfpb0ygl8zso2jmx40k.jpg\" title=\"Beitrag###\" alt=\"Nina Rein\" loading=\"lazy\" \/><\/a>\n\t\t\t\t\t<\/div>\n\t\t\n\t\t\t\n\t\t\t<div class=\"uael-post__content-wrap\">\n\n\t\t\t\t\t<h4 class=\"uael-post__title\">\n\n\t\t\n\t\t\t\t\t\t<a href=\"https:\/\/greenstyle-muc.com\/en\/nina-rein\/\" target=\"_self\">\n\t\t\t\tNina Rein\t\t\t<\/a>\n\n\t\t\t\t<\/h4>\n\t\t<div class=\"uael-post__separator\"><\/div>\t\t\t<\/div>\n\t\t\t\n\t\t<\/div>\n\t\t\n\t<\/div>\n\n<\/div>\n\n<div class=\"uael-post-wrapper   a aussteller biolife-2020 brands frankfurt-21 frankfurt-22-summer heim+handwerk-21 heim+handwerk-23 july-21 pop-up-september salzburg-23 stuttgart-23 \">\n\t<div class=\"uael-post__bg-wrap\">\n\n\t\t\t\t\t<a href=\"https:\/\/greenstyle-muc.com\/en\/angels-ambition-fair-gefertigt-in-germany\/\" target=\"_self\" class=\"uael-post__complete-box-overlay\" aria-label=\"Link Complete Box\"><\/a>\n\t\t\t\t\n\t\t<div class=\"uael-post__inner-wrap \">\n\n\t\t\t\t<div class=\"uael-post__thumbnail\">\n\t\t\t\n\t\t\t<a href=\"https:\/\/greenstyle-muc.com\/en\/angels-ambition-fair-gefertigt-in-germany\/\" target=\"_self\" title=\"Angels Ambition \u2013 fairly manufactured in Germany\"><img decoding=\"async\" src=\"https:\/\/greenstyle-muc.com\/wp-content\/uploads\/elementor\/thumbs\/Beitrag-8-owsxxv60y8f65isk9frhpk0w6vt4aticgonsfnl95g.jpg\" title=\"Beitrag\" alt=\"Angels Ambition\" loading=\"lazy\" \/><\/a>\n\t\t\t\t\t<\/div>\n\t\t\n\t\t\t\n\t\t\t<div class=\"uael-post__content-wrap\">\n\n\t\t\t\t\t<h4 class=\"uael-post__title\">\n\n\t\t\n\t\t\t\t\t\t<a href=\"https:\/\/greenstyle-muc.com\/en\/angels-ambition-fair-gefertigt-in-germany\/\" target=\"_self\">\n\t\t\t\tAngels Ambition \u2013 fairly manufactured in Germany\t\t\t<\/a>\n\n\t\t\t\t<\/h4>\n\t\t<div class=\"uael-post__separator\"><\/div>\t\t\t<\/div>\n\t\t\t\n\t\t<\/div>\n\t\t\n\t<\/div>\n\n<\/div>\n\n<div class=\"uael-post-wrapper   aussteller c frankfurt-21 \">\n\t<div class=\"uael-post__bg-wrap\">\n\n\t\t\t\t\t<a href=\"https:\/\/greenstyle-muc.com\/en\/chloe-vd\/\" target=\"_self\" class=\"uael-post__complete-box-overlay\" aria-label=\"Link Complete Box\"><\/a>\n\t\t\t\t\n\t\t<div class=\"uael-post__inner-wrap \">\n\n\t\t\t\t<div class=\"uael-post__thumbnail\">\n\t\t\t\n\t\t\t<a href=\"https:\/\/greenstyle-muc.com\/en\/chloe-vd\/\" target=\"_self\" title=\"CHLO\u00c9 vd\"><img decoding=\"async\" src=\"https:\/\/greenstyle-muc.com\/wp-content\/uploads\/elementor\/thumbs\/Header-2-oo2p7165cfs48qyyt2ec5ejw64rd3366km3dh0blas.jpg\" title=\"Header\" alt=\"Header\" loading=\"lazy\" \/><\/a>\n\t\t\t\t\t<\/div>\n\t\t\n\t\t\t\n\t\t\t<div class=\"uael-post__content-wrap\">\n\n\t\t\t\t\t<h4 class=\"uael-post__title\">\n\n\t\t\n\t\t\t\t\t\t<a href=\"https:\/\/greenstyle-muc.com\/en\/chloe-vd\/\" target=\"_self\">\n\t\t\t\tCHLO\u00c9 vd\t\t\t<\/a>\n\n\t\t\t\t<\/h4>\n\t\t<div class=\"uael-post__separator\"><\/div>\t\t\t<\/div>\n\t\t\t\n\t\t<\/div>\n\t\t\n\t<\/div>\n\n<\/div>\n\n<div class=\"uael-post-wrapper   aussteller frankfurt-21 l pop-up-august-21 pop-up-may pop-up-september \">\n\t<div class=\"uael-post__bg-wrap\">\n\n\t\t\t\t\t<a href=\"https:\/\/greenstyle-muc.com\/en\/like-a-bird\/\" target=\"_self\" class=\"uael-post__complete-box-overlay\" aria-label=\"Link Complete Box\"><\/a>\n\t\t\t\t\n\t\t<div class=\"uael-post__inner-wrap \">\n\n\t\t\t\t<div class=\"uael-post__thumbnail\">\n\t\t\t\n\t\t\t<a href=\"https:\/\/greenstyle-muc.com\/en\/like-a-bird\/\" target=\"_self\" title=\"like a bird\"><img decoding=\"async\" src=\"https:\/\/greenstyle-muc.com\/wp-content\/uploads\/elementor\/thumbs\/Beitrag-4-pch57nl98o0u6vl50nvk1tll5ljkhct49blk47h6z8.jpg\" title=\"Beitrag####\" alt=\"Beitrag####\" loading=\"lazy\" \/><\/a>\n\t\t\t\t\t<\/div>\n\t\t\n\t\t\t\n\t\t\t<div class=\"uael-post__content-wrap\">\n\n\t\t\t\t\t<h4 class=\"uael-post__title\">\n\n\t\t\n\t\t\t\t\t\t<a href=\"https:\/\/greenstyle-muc.com\/en\/like-a-bird\/\" target=\"_self\">\n\t\t\t\tlike a bird\t\t\t<\/a>\n\n\t\t\t\t<\/h4>\n\t\t<div class=\"uael-post__separator\"><\/div>\t\t\t<\/div>\n\t\t\t\n\t\t<\/div>\n\t\t\n\t<\/div>\n\n<\/div>\n\n<div class=\"uael-post-wrapper   aussteller frankfurt-21 frankfurt-22-summer w \">\n\t<div class=\"uael-post__bg-wrap\">\n\n\t\t\t\t\t<a href=\"https:\/\/greenstyle-muc.com\/en\/wildlingshoes\/\" target=\"_self\" class=\"uael-post__complete-box-overlay\" aria-label=\"Link Complete Box\"><\/a>\n\t\t\t\t\n\t\t<div class=\"uael-post__inner-wrap \">\n\n\t\t\t\t<div class=\"uael-post__thumbnail\">\n\t\t\t\n\t\t\t<a href=\"https:\/\/greenstyle-muc.com\/en\/wildlingshoes\/\" target=\"_self\" title=\"Wildling Shoes\"><img decoding=\"async\" src=\"https:\/\/greenstyle-muc.com\/wp-content\/uploads\/elementor\/thumbs\/WildlingShoes_Nebula_SandraDienemann01-oo2p9bvy1uxcmfmte25i8togg1fnwgak7zi3pcwy38.jpg\" title=\"WildlingShoes_Nebula_SandraDienemann01\" alt=\"\u00a9 Sandra Dienemann\" loading=\"lazy\" \/><\/a>\n\t\t\t\t\t<\/div>\n\t\t\n\t\t\t\n\t\t\t<div class=\"uael-post__content-wrap\">\n\n\t\t\t\t\t<h4 class=\"uael-post__title\">\n\n\t\t\n\t\t\t\t\t\t<a href=\"https:\/\/greenstyle-muc.com\/en\/wildlingshoes\/\" target=\"_self\">\n\t\t\t\tWildling Shoes\t\t\t<\/a>\n\n\t\t\t\t<\/h4>\n\t\t<div class=\"uael-post__separator\"><\/div>\t\t\t<\/div>\n\t\t\t\n\t\t<\/div>\n\t\t\n\t<\/div>\n\n<\/div>\n\n<div class=\"uael-post-wrapper   aussteller biolife-22 brands frankfurt-21 frankfurt-22-summer heim+handwerk-22 m pop-up-may stuttgart-23 \">\n\t<div class=\"uael-post__bg-wrap\">\n\n\t\t\t\t\t<a href=\"https:\/\/greenstyle-muc.com\/en\/montreet\/\" target=\"_self\" class=\"uael-post__complete-box-overlay\" aria-label=\"Link Complete Box\"><\/a>\n\t\t\t\t\n\t\t<div class=\"uael-post__inner-wrap \">\n\n\t\t\t\t<div class=\"uael-post__thumbnail\">\n\t\t\t\n\t\t\t<a href=\"https:\/\/greenstyle-muc.com\/en\/montreet\/\" target=\"_self\" title=\"Montreet \u2013 sustainable Outerwear\"><img decoding=\"async\" src=\"https:\/\/greenstyle-muc.com\/wp-content\/uploads\/elementor\/thumbs\/Beitrag-oy82o8zehq3s8z694g33ugqsmx8kcsgjwtytmxrgd0.jpg\" title=\"Beitrag##\" alt=\"Montreet\" loading=\"lazy\" \/><\/a>\n\t\t\t\t\t<\/div>\n\t\t\n\t\t\t\n\t\t\t<div class=\"uael-post__content-wrap\">\n\n\t\t\t\t\t<h4 class=\"uael-post__title\">\n\n\t\t\n\t\t\t\t\t\t<a href=\"https:\/\/greenstyle-muc.com\/en\/montreet\/\" target=\"_self\">\n\t\t\t\tMontreet \u2013 sustainable Outerwear\t\t\t<\/a>\n\n\t\t\t\t<\/h4>\n\t\t<div class=\"uael-post__separator\"><\/div>\t\t\t<\/div>\n\t\t\t\n\t\t<\/div>\n\t\t\n\t<\/div>\n\n<\/div>\n\n<div class=\"uael-post-wrapper   a aussteller biolife-22 brands frankfurt-21 frankfurt-22-summer heim+handwerk-22 pop-up-may salzburg-23 \">\n\t<div class=\"uael-post__bg-wrap\">\n\n\t\t\t\t\t<a href=\"https:\/\/greenstyle-muc.com\/en\/akjumii\/\" target=\"_self\" class=\"uael-post__complete-box-overlay\" aria-label=\"Link Complete Box\"><\/a>\n\t\t\t\t\n\t\t<div class=\"uael-post__inner-wrap \">\n\n\t\t\t\t<div class=\"uael-post__thumbnail\">\n\t\t\t\n\t\t\t<a href=\"https:\/\/greenstyle-muc.com\/en\/akjumii\/\" target=\"_self\" title=\"akjumii \u2013 sustainable high fashion\"><img decoding=\"async\" src=\"https:\/\/greenstyle-muc.com\/wp-content\/uploads\/elementor\/thumbs\/Beitragportrait-oxz65ipg0ggc31tm79mhuq1jv862xli2hf6u5ocot0.jpg\" title=\"Beitrag##portrait\" alt=\"akjumii\" loading=\"lazy\" \/><\/a>\n\t\t\t\t\t<\/div>\n\t\t\n\t\t\t\n\t\t\t<div class=\"uael-post__content-wrap\">\n\n\t\t\t\t\t<h4 class=\"uael-post__title\">\n\n\t\t\n\t\t\t\t\t\t<a href=\"https:\/\/greenstyle-muc.com\/en\/akjumii\/\" target=\"_self\">\n\t\t\t\takjumii \u2013 sustainable high fashion\t\t\t<\/a>\n\n\t\t\t\t<\/h4>\n\t\t<div class=\"uael-post__separator\"><\/div>\t\t\t<\/div>\n\t\t\t\n\t\t<\/div>\n\t\t\n\t<\/div>\n\n<\/div>\n\n<div class=\"uael-post-wrapper   21-december 22-april a aussteller brands frankfurt-21 frankfurt-22-summer october-21 \">\n\t<div class=\"uael-post__bg-wrap\">\n\n\t\t\t\t\t<a href=\"https:\/\/greenstyle-muc.com\/en\/alexandra-svendsen\/\" target=\"_self\" class=\"uael-post__complete-box-overlay\" aria-label=\"Link Complete Box\"><\/a>\n\t\t\t\t\n\t\t<div class=\"uael-post__inner-wrap \">\n\n\t\t\t\t<div class=\"uael-post__thumbnail\">\n\t\t\t\n\t\t\t<a href=\"https:\/\/greenstyle-muc.com\/en\/alexandra-svendsen\/\" target=\"_self\" title=\"ALEXANDRA SVENDSEN\"><img decoding=\"async\" src=\"https:\/\/greenstyle-muc.com\/wp-content\/uploads\/elementor\/thumbs\/Beitrag-21-oxmjx71mkhcs64hhadvfyobbpsox36wqkxl9q43tlg.jpg\" title=\"Beitrag####\" alt=\"Alexandra Svendsen\" loading=\"lazy\" \/><\/a>\n\t\t\t\t\t<\/div>\n\t\t\n\t\t\t\n\t\t\t<div class=\"uael-post__content-wrap\">\n\n\t\t\t\t\t<h4 class=\"uael-post__title\">\n\n\t\t\n\t\t\t\t\t\t<a href=\"https:\/\/greenstyle-muc.com\/en\/alexandra-svendsen\/\" target=\"_self\">\n\t\t\t\tALEXANDRA SVENDSEN\t\t\t<\/a>\n\n\t\t\t\t<\/h4>\n\t\t<div class=\"uael-post__separator\"><\/div>\t\t\t<\/div>\n\t\t\t\n\t\t<\/div>\n\t\t\n\t<\/div>\n\n<\/div>\n\n<div class=\"uael-post-wrapper   brand-news frankfurt-21 \">\n\t<div class=\"uael-post__bg-wrap\">\n\n\t\t\t\t\t<a href=\"https:\/\/greenstyle-muc.com\/en\/3in1-coat-by-akjumii-support-now\/\" target=\"_self\" class=\"uael-post__complete-box-overlay\" aria-label=\"Link Complete Box\"><\/a>\n\t\t\t\t\n\t\t<div class=\"uael-post__inner-wrap \">\n\n\t\t\t\t<div class=\"uael-post__thumbnail\">\n\t\t\t\n\t\t\t<a href=\"https:\/\/greenstyle-muc.com\/en\/3in1-coat-by-akjumii-support-now\/\" target=\"_self\" title=\"3IN1 Coat by akjumii &#8211; support now\"><img decoding=\"async\" src=\"https:\/\/greenstyle-muc.com\/wp-content\/uploads\/elementor\/thumbs\/Beitrag-5-oxv40amie28fd81m22o2jdi4bo2ovgszss0xnl80b8.jpg\" title=\"Beitrag####\" alt=\"Coat\" loading=\"lazy\" \/><\/a>\n\t\t\t\t\t<\/div>\n\t\t\n\t\t\t\n\t\t\t<div class=\"uael-post__content-wrap\">\n\n\t\t\t\t\t<h4 class=\"uael-post__title\">\n\n\t\t\n\t\t\t\t\t\t<a href=\"https:\/\/greenstyle-muc.com\/en\/3in1-coat-by-akjumii-support-now\/\" target=\"_self\">\n\t\t\t\t3IN1 Coat by akjumii &#8211; support now\t\t\t<\/a>\n\n\t\t\t\t<\/h4>\n\t\t<div class=\"uael-post__separator\"><\/div>\t\t\t<\/div>\n\t\t\t\n\t\t<\/div>\n\t\t\n\t<\/div>\n\n<\/div>\n\n<div class=\"uael-post-wrapper   22-april 22-february 22-january 22-march aussteller biolife-2020 biolife-22 frankfurt-21 heim+handwerk-21 heim+handwerk-22 july-21 n pop-up-august-21 \">\n\t<div class=\"uael-post__bg-wrap\">\n\n\t\t\t\t\t<a href=\"https:\/\/greenstyle-muc.com\/en\/nata-y-limon-social-business\/\" target=\"_self\" class=\"uael-post__complete-box-overlay\" aria-label=\"Link Complete Box\"><\/a>\n\t\t\t\t\n\t\t<div class=\"uael-post__inner-wrap \">\n\n\t\t\t\t<div class=\"uael-post__thumbnail\">\n\t\t\t\n\t\t\t<a href=\"https:\/\/greenstyle-muc.com\/en\/nata-y-limon-social-business\/\" target=\"_self\" title=\"Nata Y Lim\u00f3n &#8211; social business\"><img decoding=\"async\" src=\"https:\/\/greenstyle-muc.com\/wp-content\/uploads\/elementor\/thumbs\/Beitrag-4-scaled-ov91kcxhvlzfsnxm4yvxvfe0ukhmjavbspw8jt9jmc.jpg\" title=\"Beitrag\" alt=\"Nata Y Lim\u00f3n\" loading=\"lazy\" \/><\/a>\n\t\t\t\t\t<\/div>\n\t\t\n\t\t\t\n\t\t\t<div class=\"uael-post__content-wrap\">\n\n\t\t\t\t\t<h4 class=\"uael-post__title\">\n\n\t\t\n\t\t\t\t\t\t<a href=\"https:\/\/greenstyle-muc.com\/en\/nata-y-limon-social-business\/\" target=\"_self\">\n\t\t\t\tNata Y Lim\u00f3n &#8211; social business\t\t\t<\/a>\n\n\t\t\t\t<\/h4>\n\t\t<div class=\"uael-post__separator\"><\/div>\t\t\t<\/div>\n\t\t\t\n\t\t<\/div>\n\t\t\n\t<\/div>\n\n<\/div>\n\n<div class=\"uael-post-wrapper   aussteller c frankfurt-21 july-21 pop-up-august-21 \">\n\t<div class=\"uael-post__bg-wrap\">\n\n\t\t\t\t\t<a href=\"https:\/\/greenstyle-muc.com\/en\/coa-goa-2\/\" target=\"_self\" class=\"uael-post__complete-box-overlay\" aria-label=\"Link Complete Box\"><\/a>\n\t\t\t\t\n\t\t<div class=\"uael-post__inner-wrap \">\n\n\t\t\t\t<div class=\"uael-post__thumbnail\">\n\t\t\t\n\t\t\t<a href=\"https:\/\/greenstyle-muc.com\/en\/coa-goa-2\/\" target=\"_self\" title=\"COA GOA\"><img decoding=\"async\" src=\"https:\/\/greenstyle-muc.com\/wp-content\/uploads\/elementor\/thumbs\/teaser-Kopie-10-op6fy56map4t7q0ngareqri8ewrhrgu0t58vw67puc.jpg\" title=\"teaser Kopie\" alt=\"Coa Goa\" loading=\"lazy\" \/><\/a>\n\t\t\t\t\t<\/div>\n\t\t\n\t\t\t\n\t\t\t<div class=\"uael-post__content-wrap\">\n\n\t\t\t\t\t<h4 class=\"uael-post__title\">\n\n\t\t\n\t\t\t\t\t\t<a href=\"https:\/\/greenstyle-muc.com\/en\/coa-goa-2\/\" target=\"_self\">\n\t\t\t\tCOA GOA\t\t\t<\/a>\n\n\t\t\t\t<\/h4>\n\t\t<div class=\"uael-post__separator\"><\/div>\t\t\t<\/div>\n\t\t\t\n\t\t<\/div>\n\t\t\n\t<\/div>\n\n<\/div>\n\n<div class=\"uael-post-wrapper   aussteller biolife-21 brands frankfurt-21 l salzburg-23 \">\n\t<div class=\"uael-post__bg-wrap\">\n\n\t\t\t\t\t<a href=\"https:\/\/greenstyle-muc.com\/en\/lounge-cherie-wohlfuehlmode-mit-stil\/\" target=\"_self\" class=\"uael-post__complete-box-overlay\" aria-label=\"Link Complete Box\"><\/a>\n\t\t\t\t\n\t\t<div class=\"uael-post__inner-wrap \">\n\n\t\t\t\t<div class=\"uael-post__thumbnail\">\n\t\t\t\n\t\t\t<a href=\"https:\/\/greenstyle-muc.com\/en\/lounge-cherie-wohlfuehlmode-mit-stil\/\" target=\"_self\" title=\"Lounge Cherie &#8211; feel-good fashion with style\"><img decoding=\"async\" src=\"https:\/\/greenstyle-muc.com\/wp-content\/uploads\/elementor\/thumbs\/Beitrag-1-p0wwfpx27mzpifmdflgtqn082bgvo60oi56mvm8m8k.jpg\" title=\"Beitrag\" alt=\"Lounge Cherie\" loading=\"lazy\" \/><\/a>\n\t\t\t\t\t<\/div>\n\t\t\n\t\t\t\n\t\t\t<div class=\"uael-post__content-wrap\">\n\n\t\t\t\t\t<h4 class=\"uael-post__title\">\n\n\t\t\n\t\t\t\t\t\t<a href=\"https:\/\/greenstyle-muc.com\/en\/lounge-cherie-wohlfuehlmode-mit-stil\/\" target=\"_self\">\n\t\t\t\tLounge Cherie &#8211; feel-good fashion with style\t\t\t<\/a>\n\n\t\t\t\t<\/h4>\n\t\t<div class=\"uael-post__separator\"><\/div>\t\t\t<\/div>\n\t\t\t\n\t\t<\/div>\n\t\t\n\t<\/div>\n\n<\/div>\n\n<div class=\"uael-post-wrapper   22-march a-off aussteller biolife-2020 brands frankfurt-21 \">\n\t<div class=\"uael-post__bg-wrap\">\n\n\t\t\t\t\t<a href=\"https:\/\/greenstyle-muc.com\/en\/afora-world-unisex-from-berlin\/\" target=\"_self\" class=\"uael-post__complete-box-overlay\" aria-label=\"Link Complete Box\"><\/a>\n\t\t\t\t\n\t\t<div class=\"uael-post__inner-wrap \">\n\n\t\t\t\t<div class=\"uael-post__thumbnail\">\n\t\t\t\n\t\t\t<a href=\"https:\/\/greenstyle-muc.com\/en\/afora-world-unisex-from-berlin\/\" target=\"_self\" title=\"AFORA world &#8211; unisex from berlin\"><img decoding=\"async\" src=\"https:\/\/greenstyle-muc.com\/wp-content\/uploads\/elementor\/thumbs\/Beitrag-2-owptwc2dputlglpz8x712ej48skfsuo7wk8l8459qs.jpg\" title=\"Beitrag##\" alt=\"Afora world\" loading=\"lazy\" \/><\/a>\n\t\t\t\t\t<\/div>\n\t\t\n\t\t\t\n\t\t\t<div class=\"uael-post__content-wrap\">\n\n\t\t\t\t\t<h4 class=\"uael-post__title\">\n\n\t\t\n\t\t\t\t\t\t<a href=\"https:\/\/greenstyle-muc.com\/en\/afora-world-unisex-from-berlin\/\" target=\"_self\">\n\t\t\t\tAFORA world &#8211; unisex from berlin\t\t\t<\/a>\n\n\t\t\t\t<\/h4>\n\t\t<div class=\"uael-post__separator\"><\/div>\t\t\t<\/div>\n\t\t\t\n\t\t<\/div>\n\t\t\n\t<\/div>\n\n<\/div>\n\t\t\t\t<\/div>\n\t\t\t\t\t\t\n\t\t<\/div>\n\n\t\t\t\t\t\t<\/div>\n\t\t<div class=\"uael-post__footer\">\n\t\t\t\t\t<\/div>\n\t\t\t\t<\/div>\n\t\t\t\t<\/div>\n\t\t\t\t\t<\/div>\n\t\t<\/div>\n\t\t\t\t\t<\/div>\n\t\t<\/section>\n\t\t\t\t<section class=\"elementor-section elementor-top-section elementor-element elementor-element-9595861 elementor-section-boxed elementor-section-height-default elementor-section-height-default\" data-id=\"9595861\" data-element_type=\"section\" data-settings=\"{&quot;jet_parallax_layout_list&quot;:[{&quot;jet_parallax_layout_image&quot;:{&quot;url&quot;:&quot;&quot;,&quot;id&quot;:&quot;&quot;,&quot;size&quot;:&quot;&quot;},&quot;_id&quot;:&quot;716accb&quot;,&quot;jet_parallax_layout_image_tablet&quot;:{&quot;url&quot;:&quot;&quot;,&quot;id&quot;:&quot;&quot;,&quot;size&quot;:&quot;&quot;},&quot;jet_parallax_layout_image_mobile&quot;:{&quot;url&quot;:&quot;&quot;,&quot;id&quot;:&quot;&quot;,&quot;size&quot;:&quot;&quot;},&quot;jet_parallax_layout_speed&quot;:{&quot;unit&quot;:&quot;%&quot;,&quot;size&quot;:50,&quot;sizes&quot;:[]},&quot;jet_parallax_layout_type&quot;:&quot;scroll&quot;,&quot;jet_parallax_layout_direction&quot;:null,&quot;jet_parallax_layout_fx_direction&quot;:null,&quot;jet_parallax_layout_z_index&quot;:&quot;&quot;,&quot;jet_parallax_layout_bg_x&quot;:50,&quot;jet_parallax_layout_bg_x_tablet&quot;:&quot;&quot;,&quot;jet_parallax_layout_bg_x_mobile&quot;:&quot;&quot;,&quot;jet_parallax_layout_bg_y&quot;:50,&quot;jet_parallax_layout_bg_y_tablet&quot;:&quot;&quot;,&quot;jet_parallax_layout_bg_y_mobile&quot;:&quot;&quot;,&quot;jet_parallax_layout_bg_size&quot;:&quot;auto&quot;,&quot;jet_parallax_layout_bg_size_tablet&quot;:&quot;&quot;,&quot;jet_parallax_layout_bg_size_mobile&quot;:&quot;&quot;,&quot;jet_parallax_layout_animation_prop&quot;:&quot;transform&quot;,&quot;jet_parallax_layout_on&quot;:[&quot;desktop&quot;,&quot;tablet&quot;]}]}\">\n\t\t\t\t\t\t<div class=\"elementor-container elementor-column-gap-default\">\n\t\t\t\t\t<div class=\"elementor-column elementor-col-100 elementor-top-column elementor-element elementor-element-d19c0b6\" data-id=\"d19c0b6\" data-element_type=\"column\">\n\t\t\t<div class=\"elementor-widget-wrap elementor-element-populated\">\n\t\t\t\t\t\t<div class=\"elementor-element elementor-element-a30a48c elementor-widget elementor-widget-text-editor\" data-id=\"a30a48c\" data-element_type=\"widget\" data-widget_type=\"text-editor.default\">\n\t\t\t\t<div class=\"elementor-widget-container\">\n\t\t\t\t\t\t\t<h2 style=\"text-align: center;\"><span style=\"color: #008000;\"><span class=\"VIiyi\" lang=\"en\"><span class=\"JLqJ4b ChMk0b\" data-language-for-alternatives=\"en\" data-language-to-translate-into=\"de\" data-phrase-index=\"0\">General information about the 5th edition:<\/span><\/span> <\/span><\/h2><p style=\"text-align: center;\"><span style=\"color: #008000;\"><strong>Where: <a href=\"https:\/\/unionhalle.de\/\" target=\"_blank\" rel=\"noopener\"><span style=\"color: #008000;\">UNION Halle<\/span><\/a>, <a style=\"color: #008000;\" href=\"https:\/\/www.bing.com\/local?lid=YN6740x12514741870340842630&amp;id=YN6740x12514741870340842630&amp;q=Union+Halle&amp;name=Union+Halle&amp;cp=50.11420822143555%7e8.7227201461792&amp;ppois=50.11420822143555_8.7227201461792_Union+Halle\" target=\"_blank\" rel=\"noopener\">Hanauer Landstr. 188, 60314 Frankfurt am Main<\/a><\/strong><\/span><br \/><span style=\"color: #008000;\"><strong>What: GREENSTYLE fair fashion fair<\/strong><\/span><br \/><span style=\"color: #008000;\"><strong>Why: &#8230;<span class=\"VIiyi\" lang=\"en\"><span class=\"JLqJ4b ChMk0b\" data-language-for-alternatives=\"en\" data-language-to-translate-into=\"de\" data-phrase-index=\"0\">so that eco becomes the new normal<\/span><\/span> <\/strong><\/span><br \/><span style=\"color: #008000;\"><strong>When: July 9. to 11. <\/strong><\/span><span style=\"color: #008000;\"><strong>2021<\/strong><\/span><br \/><span style=\"color: #008000;\"><strong>Working hours (for public): Fri. 4-10 pm, Sat. 10 am-7 pm, Sun. 10 am-5 pm<br \/><\/strong><\/span><\/p><p style=\"text-align: center;\"><strong><span class=\"VIiyi\" lang=\"en\"><span class=\"JLqJ4b ChMk0b\" data-language-for-alternatives=\"en\" data-language-to-translate-into=\"de\" data-phrase-index=\"0\">Admission: 8 euros \/ day, 10 euros \/ weekend ticket (children up to 16 years free)<\/span><\/span> <\/strong><\/p>\t\t\t\t\t\t<\/div>\n\t\t\t\t<\/div>\n\t\t\t\t\t<\/div>\n\t\t<\/div>\n\t\t\t\t\t<\/div>\n\t\t<\/section>\n\t\t\t\t<section class=\"elementor-section elementor-top-section elementor-element elementor-element-7bad2fd elementor-section-boxed elementor-section-height-default elementor-section-height-default\" data-id=\"7bad2fd\" data-element_type=\"section\" data-settings=\"{&quot;jet_parallax_layout_list&quot;:[{&quot;jet_parallax_layout_image&quot;:{&quot;url&quot;:&quot;&quot;,&quot;id&quot;:&quot;&quot;,&quot;size&quot;:&quot;&quot;},&quot;_id&quot;:&quot;59adb54&quot;,&quot;jet_parallax_layout_image_tablet&quot;:{&quot;url&quot;:&quot;&quot;,&quot;id&quot;:&quot;&quot;,&quot;size&quot;:&quot;&quot;},&quot;jet_parallax_layout_image_mobile&quot;:{&quot;url&quot;:&quot;&quot;,&quot;id&quot;:&quot;&quot;,&quot;size&quot;:&quot;&quot;},&quot;jet_parallax_layout_speed&quot;:{&quot;unit&quot;:&quot;%&quot;,&quot;size&quot;:50,&quot;sizes&quot;:[]},&quot;jet_parallax_layout_type&quot;:&quot;scroll&quot;,&quot;jet_parallax_layout_direction&quot;:null,&quot;jet_parallax_layout_fx_direction&quot;:null,&quot;jet_parallax_layout_z_index&quot;:&quot;&quot;,&quot;jet_parallax_layout_bg_x&quot;:50,&quot;jet_parallax_layout_bg_x_tablet&quot;:&quot;&quot;,&quot;jet_parallax_layout_bg_x_mobile&quot;:&quot;&quot;,&quot;jet_parallax_layout_bg_y&quot;:50,&quot;jet_parallax_layout_bg_y_tablet&quot;:&quot;&quot;,&quot;jet_parallax_layout_bg_y_mobile&quot;:&quot;&quot;,&quot;jet_parallax_layout_bg_size&quot;:&quot;auto&quot;,&quot;jet_parallax_layout_bg_size_tablet&quot;:&quot;&quot;,&quot;jet_parallax_layout_bg_size_mobile&quot;:&quot;&quot;,&quot;jet_parallax_layout_animation_prop&quot;:&quot;transform&quot;,&quot;jet_parallax_layout_on&quot;:[&quot;desktop&quot;,&quot;tablet&quot;]}]}\">\n\t\t\t\t\t\t<div class=\"elementor-container elementor-column-gap-default\">\n\t\t\t\t\t<div class=\"elementor-column elementor-col-100 elementor-top-column elementor-element elementor-element-ea8c607\" data-id=\"ea8c607\" data-element_type=\"column\">\n\t\t\t<div class=\"elementor-widget-wrap elementor-element-populated\">\n\t\t\t\t\t\t<div class=\"elementor-element elementor-element-c93b4dd elementor-widget-divider--view-line elementor-widget elementor-widget-divider\" data-id=\"c93b4dd\" data-element_type=\"widget\" data-widget_type=\"divider.default\">\n\t\t\t\t<div class=\"elementor-widget-container\">\n\t\t\t\t\t<div class=\"elementor-divider\">\n\t\t\t<span class=\"elementor-divider-separator\">\n\t\t\t\t\t\t<\/span>\n\t\t<\/div>\n\t\t\t\t<\/div>\n\t\t\t\t<\/div>\n\t\t\t\t\t<\/div>\n\t\t<\/div>\n\t\t\t\t\t<\/div>\n\t\t<\/section>\n\t\t\t\t<section class=\"elementor-section elementor-top-section elementor-element elementor-element-116d2fa elementor-section-boxed elementor-section-height-default elementor-section-height-default\" data-id=\"116d2fa\" data-element_type=\"section\" data-settings=\"{&quot;jet_parallax_layout_list&quot;:[{&quot;jet_parallax_layout_image&quot;:{&quot;url&quot;:&quot;&quot;,&quot;id&quot;:&quot;&quot;,&quot;size&quot;:&quot;&quot;},&quot;_id&quot;:&quot;3a322b5&quot;,&quot;jet_parallax_layout_image_tablet&quot;:{&quot;url&quot;:&quot;&quot;,&quot;id&quot;:&quot;&quot;,&quot;size&quot;:&quot;&quot;},&quot;jet_parallax_layout_image_mobile&quot;:{&quot;url&quot;:&quot;&quot;,&quot;id&quot;:&quot;&quot;,&quot;size&quot;:&quot;&quot;},&quot;jet_parallax_layout_speed&quot;:{&quot;unit&quot;:&quot;%&quot;,&quot;size&quot;:50,&quot;sizes&quot;:[]},&quot;jet_parallax_layout_type&quot;:&quot;scroll&quot;,&quot;jet_parallax_layout_direction&quot;:null,&quot;jet_parallax_layout_fx_direction&quot;:null,&quot;jet_parallax_layout_z_index&quot;:&quot;&quot;,&quot;jet_parallax_layout_bg_x&quot;:50,&quot;jet_parallax_layout_bg_x_tablet&quot;:&quot;&quot;,&quot;jet_parallax_layout_bg_x_mobile&quot;:&quot;&quot;,&quot;jet_parallax_layout_bg_y&quot;:50,&quot;jet_parallax_layout_bg_y_tablet&quot;:&quot;&quot;,&quot;jet_parallax_layout_bg_y_mobile&quot;:&quot;&quot;,&quot;jet_parallax_layout_bg_size&quot;:&quot;auto&quot;,&quot;jet_parallax_layout_bg_size_tablet&quot;:&quot;&quot;,&quot;jet_parallax_layout_bg_size_mobile&quot;:&quot;&quot;,&quot;jet_parallax_layout_animation_prop&quot;:&quot;transform&quot;,&quot;jet_parallax_layout_on&quot;:[&quot;desktop&quot;,&quot;tablet&quot;]}]}\">\n\t\t\t\t\t\t<div class=\"elementor-container elementor-column-gap-default\">\n\t\t\t\t\t<div class=\"elementor-column elementor-col-100 elementor-top-column elementor-element elementor-element-df4e0e1\" data-id=\"df4e0e1\" data-element_type=\"column\">\n\t\t\t<div class=\"elementor-widget-wrap elementor-element-populated\">\n\t\t\t\t\t\t<div class=\"elementor-element elementor-element-3918084 elementor-widget elementor-widget-text-editor\" data-id=\"3918084\" data-element_type=\"widget\" data-widget_type=\"text-editor.default\">\n\t\t\t\t<div class=\"elementor-widget-container\">\n\t\t\t\t\t\t\t<h3><em>About GREENSTYLE<\/em><\/h3><p><em><span class=\"VIiyi\" lang=\"en\"><span class=\"JLqJ4b ChMk0b\" data-language-for-alternatives=\"en\" data-language-to-translate-into=\"de\" data-phrase-index=\"0\">GREENSTYLE munich is the first Fair Fashion Fair &amp; Conference for consumers, trade visitors and the media.<\/span> <span class=\"JLqJ4b ChMk0b\" data-language-for-alternatives=\"en\" data-language-to-translate-into=\"de\" data-phrase-index=\"1\">Because change has to come from all directions.<\/span> <span class=\"JLqJ4b ChMk0b\" data-language-for-alternatives=\"en\" data-language-to-translate-into=\"de\" data-phrase-index=\"2\">The aim of the format is to look into a common future.<\/span> <span class=\"JLqJ4b ChMk0b\" data-language-for-alternatives=\"en\" data-language-to-translate-into=\"de\" data-phrase-index=\"3\">WE GIVE consumers, press, content creators and specialist audiences the opportunity to discover and purchase innovative and sustainable collections from international brands.<\/span> <span class=\"JLqJ4b ChMk0b\" data-language-for-alternatives=\"en\" data-language-to-translate-into=\"de\" data-phrase-index=\"4\">Sustainable high fashion, great upcycling labels, vegan collections and alternative consumption models such as second hand, barter and rent meet here.<\/span> <span class=\"JLqJ4b ChMk0b\" data-language-for-alternatives=\"en\" data-language-to-translate-into=\"de\" data-phrase-index=\"5\">Since October 2018 the GREENSTYLE has taken place in Amsterdam, Bolzano and Munich.<\/span><\/span> <\/em><\/p>\t\t\t\t\t\t<\/div>\n\t\t\t\t<\/div>\n\t\t\t\t\t<\/div>\n\t\t<\/div>\n\t\t\t\t\t<\/div>\n\t\t<\/section>\n\t\t\t\t<\/div>\n\t\t","protected":false},"excerpt":{"rendered":"<p>With the GREENSTYLE @ Frankfurt Fashion Week from January 21 to 23, 2022, together with you and your collections, Frankfurt and the (fashion) world will show how sustainable fashion works. As an official participant in the first analogue Frankfurt Fashion Week. <\/p>\n","protected":false},"author":3,"featured_media":17679,"comment_status":"open","ping_status":"open","sticky":false,"template":"","format":"standard","meta":{"_acf_changed":false,"footnotes":""},"categories":[289,390,439,403],"tags":[427,444],"acf":[],"yoast_head":"<!-- This site is optimized with the Yoast SEO plugin v22.6 - https:\/\/yoast.com\/wordpress\/plugins\/seo\/ -->\n<title>Exhibitor invitation GREENSTYLE @ Frankfurt Fashion Week (21 to 23 January 2022) - GREENSTYLE<\/title>\n<meta name=\"description\" content=\"With the GREENSTYLE @ Frankfurt Fashion Week from January 21 to 23, 2022, we will show you and your collections how sustainable fashion works.\" \/>\n<meta name=\"robots\" content=\"index, follow, max-snippet:-1, max-image-preview:large, max-video-preview:-1\" \/>\n<link rel=\"canonical\" href=\"https:\/\/greenstyle-muc.com\/en\/greenstyle-frankfurt-fashion-week-back-to-the-future\/\" \/>\n<meta property=\"og:locale\" content=\"en_US\" \/>\n<meta property=\"og:type\" content=\"article\" \/>\n<meta property=\"og:title\" content=\"Exhibitor invitation GREENSTYLE @ Frankfurt Fashion Week (21 to 23 January 2022) - GREENSTYLE\" \/>\n<meta property=\"og:description\" content=\"With the GREENSTYLE @ Frankfurt Fashion Week from January 21 to 23, 2022, we will show you and your collections how sustainable fashion works.\" \/>\n<meta property=\"og:url\" content=\"https:\/\/greenstyle-muc.com\/en\/greenstyle-frankfurt-fashion-week-back-to-the-future\/\" \/>\n<meta property=\"og:site_name\" content=\"GREENSTYLE\" \/>\n<meta property=\"article:published_time\" content=\"2021-02-24T20:04:01+00:00\" \/>\n<meta property=\"article:modified_time\" content=\"2021-10-21T10:49:46+00:00\" \/>\n<meta property=\"og:image\" content=\"https:\/\/greenstyle-muc.com\/wp-content\/uploads\/2021\/02\/Beitrag-10.jpg\" \/>\n\t<meta property=\"og:image:width\" content=\"1280\" \/>\n\t<meta property=\"og:image:height\" content=\"720\" \/>\n\t<meta property=\"og:image:type\" content=\"image\/jpeg\" \/>\n<meta name=\"author\" content=\"Mirjam Smend\" \/>\n<meta name=\"twitter:card\" content=\"summary_large_image\" \/>\n<meta name=\"twitter:label1\" content=\"Written by\" \/>\n\t<meta name=\"twitter:data1\" content=\"Mirjam Smend\" \/>\n\t<meta name=\"twitter:label2\" content=\"Est. reading time\" \/>\n\t<meta name=\"twitter:data2\" content=\"6 minutes\" \/>\n<script type=\"application\/ld+json\" class=\"yoast-schema-graph\">{\"@context\":\"https:\/\/schema.org\",\"@graph\":[{\"@type\":\"Article\",\"@id\":\"https:\/\/greenstyle-muc.com\/en\/greenstyle-frankfurt-fashion-week-back-to-the-future\/#article\",\"isPartOf\":{\"@id\":\"https:\/\/greenstyle-muc.com\/en\/greenstyle-frankfurt-fashion-week-back-to-the-future\/\"},\"author\":{\"name\":\"Mirjam Smend\",\"@id\":\"https:\/\/greenstyle-muc.com\/en\/#\/schema\/person\/6c0cf80c39c77ce2010f8d26e300f9fd\"},\"headline\":\"Exhibitor invitation GREENSTYLE @ Frankfurt Fashion Week (21 to 23 January 2022)\",\"datePublished\":\"2021-02-24T20:04:01+00:00\",\"dateModified\":\"2021-10-21T10:49:46+00:00\",\"mainEntityOfPage\":{\"@id\":\"https:\/\/greenstyle-muc.com\/en\/greenstyle-frankfurt-fashion-week-back-to-the-future\/\"},\"wordCount\":614,\"commentCount\":0,\"publisher\":{\"@id\":\"https:\/\/greenstyle-muc.com\/en\/#organization\"},\"image\":{\"@id\":\"https:\/\/greenstyle-muc.com\/en\/greenstyle-frankfurt-fashion-week-back-to-the-future\/#primaryimage\"},\"thumbnailUrl\":\"https:\/\/greenstyle-muc.com\/wp-content\/uploads\/2021\/02\/Beitrag-10.jpg\",\"keywords\":[\"Fashion Week Frankfurt\",\"Fashion Week Frankfurt\"],\"articleSection\":[\"Brand News\",\"Conference\",\"Conference News\",\"GOOD NEWS\"],\"inLanguage\":\"en-US\",\"potentialAction\":[{\"@type\":\"CommentAction\",\"name\":\"Comment\",\"target\":[\"https:\/\/greenstyle-muc.com\/en\/greenstyle-frankfurt-fashion-week-back-to-the-future\/#respond\"]}]},{\"@type\":\"WebPage\",\"@id\":\"https:\/\/greenstyle-muc.com\/en\/greenstyle-frankfurt-fashion-week-back-to-the-future\/\",\"url\":\"https:\/\/greenstyle-muc.com\/en\/greenstyle-frankfurt-fashion-week-back-to-the-future\/\",\"name\":\"Exhibitor invitation GREENSTYLE @ Frankfurt Fashion Week (21 to 23 January 2022) - GREENSTYLE\",\"isPartOf\":{\"@id\":\"https:\/\/greenstyle-muc.com\/en\/#website\"},\"primaryImageOfPage\":{\"@id\":\"https:\/\/greenstyle-muc.com\/en\/greenstyle-frankfurt-fashion-week-back-to-the-future\/#primaryimage\"},\"image\":{\"@id\":\"https:\/\/greenstyle-muc.com\/en\/greenstyle-frankfurt-fashion-week-back-to-the-future\/#primaryimage\"},\"thumbnailUrl\":\"https:\/\/greenstyle-muc.com\/wp-content\/uploads\/2021\/02\/Beitrag-10.jpg\",\"datePublished\":\"2021-02-24T20:04:01+00:00\",\"dateModified\":\"2021-10-21T10:49:46+00:00\",\"description\":\"With the GREENSTYLE @ Frankfurt Fashion Week from January 21 to 23, 2022, we will show you and your collections how sustainable fashion works.\",\"breadcrumb\":{\"@id\":\"https:\/\/greenstyle-muc.com\/en\/greenstyle-frankfurt-fashion-week-back-to-the-future\/#breadcrumb\"},\"inLanguage\":\"en-US\",\"potentialAction\":[{\"@type\":\"ReadAction\",\"target\":[\"https:\/\/greenstyle-muc.com\/en\/greenstyle-frankfurt-fashion-week-back-to-the-future\/\"]}]},{\"@type\":\"ImageObject\",\"inLanguage\":\"en-US\",\"@id\":\"https:\/\/greenstyle-muc.com\/en\/greenstyle-frankfurt-fashion-week-back-to-the-future\/#primaryimage\",\"url\":\"https:\/\/greenstyle-muc.com\/wp-content\/uploads\/2021\/02\/Beitrag-10.jpg\",\"contentUrl\":\"https:\/\/greenstyle-muc.com\/wp-content\/uploads\/2021\/02\/Beitrag-10.jpg\",\"width\":1280,\"height\":720,\"caption\":\"Frankfurt Fashion Week\"},{\"@type\":\"BreadcrumbList\",\"@id\":\"https:\/\/greenstyle-muc.com\/en\/greenstyle-frankfurt-fashion-week-back-to-the-future\/#breadcrumb\",\"itemListElement\":[{\"@type\":\"ListItem\",\"position\":1,\"name\":\"Home\",\"item\":\"https:\/\/greenstyle-muc.com\/en\/\"},{\"@type\":\"ListItem\",\"position\":2,\"name\":\"Exhibitor invitation GREENSTYLE @ Frankfurt Fashion Week (21 to 23 January 2022)\"}]},{\"@type\":\"WebSite\",\"@id\":\"https:\/\/greenstyle-muc.com\/en\/#website\",\"url\":\"https:\/\/greenstyle-muc.com\/en\/\",\"name\":\"GREENSTYLE\",\"description\":\"News, People, Brands, Ideas, Interviews, Podcasts. For Makers, Game Changers, Community #bettertogether\",\"publisher\":{\"@id\":\"https:\/\/greenstyle-muc.com\/en\/#organization\"},\"potentialAction\":[{\"@type\":\"SearchAction\",\"target\":{\"@type\":\"EntryPoint\",\"urlTemplate\":\"https:\/\/greenstyle-muc.com\/en\/?s={search_term_string}\"},\"query-input\":\"required name=search_term_string\"}],\"inLanguage\":\"en-US\"},{\"@type\":\"Organization\",\"@id\":\"https:\/\/greenstyle-muc.com\/en\/#organization\",\"name\":\"GREENSTYLE MUC\",\"url\":\"https:\/\/greenstyle-muc.com\/en\/\",\"logo\":{\"@type\":\"ImageObject\",\"inLanguage\":\"en-US\",\"@id\":\"https:\/\/greenstyle-muc.com\/en\/#\/schema\/logo\/image\/\",\"url\":\"https:\/\/greenstyle-muc.com\/wp-content\/uploads\/2020\/05\/cropped-Greenstyle_Logo_GMUC_Favikon-1.jpg\",\"contentUrl\":\"https:\/\/greenstyle-muc.com\/wp-content\/uploads\/2020\/05\/cropped-Greenstyle_Logo_GMUC_Favikon-1.jpg\",\"width\":512,\"height\":512,\"caption\":\"GREENSTYLE MUC\"},\"image\":{\"@id\":\"https:\/\/greenstyle-muc.com\/en\/#\/schema\/logo\/image\/\"}},{\"@type\":\"Person\",\"@id\":\"https:\/\/greenstyle-muc.com\/en\/#\/schema\/person\/6c0cf80c39c77ce2010f8d26e300f9fd\",\"name\":\"Mirjam Smend\",\"image\":{\"@type\":\"ImageObject\",\"inLanguage\":\"en-US\",\"@id\":\"https:\/\/greenstyle-muc.com\/en\/#\/schema\/person\/image\/\",\"url\":\"https:\/\/secure.gravatar.com\/avatar\/2e9b5c8704045746ae2aef886a1ac564?s=96&d=mm&r=g\",\"contentUrl\":\"https:\/\/secure.gravatar.com\/avatar\/2e9b5c8704045746ae2aef886a1ac564?s=96&d=mm&r=g\",\"caption\":\"Mirjam Smend\"},\"url\":\"https:\/\/greenstyle-muc.com\/en\/author\/mirjam-muc\/\"}]}<\/script>\n<!-- \/ Yoast SEO plugin. -->","yoast_head_json":{"title":"Exhibitor invitation GREENSTYLE @ Frankfurt Fashion Week (21 to 23 January 2022) - GREENSTYLE","description":"With the GREENSTYLE @ Frankfurt Fashion Week from January 21 to 23, 2022, we will show you and your collections how sustainable fashion works.","robots":{"index":"index","follow":"follow","max-snippet":"max-snippet:-1","max-image-preview":"max-image-preview:large","max-video-preview":"max-video-preview:-1"},"canonical":"https:\/\/greenstyle-muc.com\/en\/greenstyle-frankfurt-fashion-week-back-to-the-future\/","og_locale":"en_US","og_type":"article","og_title":"Exhibitor invitation GREENSTYLE @ Frankfurt Fashion Week (21 to 23 January 2022) - GREENSTYLE","og_description":"With the GREENSTYLE @ Frankfurt Fashion Week from January 21 to 23, 2022, we will show you and your collections how sustainable fashion works.","og_url":"https:\/\/greenstyle-muc.com\/en\/greenstyle-frankfurt-fashion-week-back-to-the-future\/","og_site_name":"GREENSTYLE","article_published_time":"2021-02-24T20:04:01+00:00","article_modified_time":"2021-10-21T10:49:46+00:00","og_image":[{"width":1280,"height":720,"url":"https:\/\/greenstyle-muc.com\/wp-content\/uploads\/2021\/02\/Beitrag-10.jpg","type":"image\/jpeg"}],"author":"Mirjam Smend","twitter_card":"summary_large_image","twitter_misc":{"Written by":"Mirjam Smend","Est. reading time":"6 minutes"},"schema":{"@context":"https:\/\/schema.org","@graph":[{"@type":"Article","@id":"https:\/\/greenstyle-muc.com\/en\/greenstyle-frankfurt-fashion-week-back-to-the-future\/#article","isPartOf":{"@id":"https:\/\/greenstyle-muc.com\/en\/greenstyle-frankfurt-fashion-week-back-to-the-future\/"},"author":{"name":"Mirjam Smend","@id":"https:\/\/greenstyle-muc.com\/en\/#\/schema\/person\/6c0cf80c39c77ce2010f8d26e300f9fd"},"headline":"Exhibitor invitation GREENSTYLE @ Frankfurt Fashion Week (21 to 23 January 2022)","datePublished":"2021-02-24T20:04:01+00:00","dateModified":"2021-10-21T10:49:46+00:00","mainEntityOfPage":{"@id":"https:\/\/greenstyle-muc.com\/en\/greenstyle-frankfurt-fashion-week-back-to-the-future\/"},"wordCount":614,"commentCount":0,"publisher":{"@id":"https:\/\/greenstyle-muc.com\/en\/#organization"},"image":{"@id":"https:\/\/greenstyle-muc.com\/en\/greenstyle-frankfurt-fashion-week-back-to-the-future\/#primaryimage"},"thumbnailUrl":"https:\/\/greenstyle-muc.com\/wp-content\/uploads\/2021\/02\/Beitrag-10.jpg","keywords":["Fashion Week Frankfurt","Fashion Week Frankfurt"],"articleSection":["Brand News","Conference","Conference News","GOOD NEWS"],"inLanguage":"en-US","potentialAction":[{"@type":"CommentAction","name":"Comment","target":["https:\/\/greenstyle-muc.com\/en\/greenstyle-frankfurt-fashion-week-back-to-the-future\/#respond"]}]},{"@type":"WebPage","@id":"https:\/\/greenstyle-muc.com\/en\/greenstyle-frankfurt-fashion-week-back-to-the-future\/","url":"https:\/\/greenstyle-muc.com\/en\/greenstyle-frankfurt-fashion-week-back-to-the-future\/","name":"Exhibitor invitation GREENSTYLE @ Frankfurt Fashion Week (21 to 23 January 2022) - GREENSTYLE","isPartOf":{"@id":"https:\/\/greenstyle-muc.com\/en\/#website"},"primaryImageOfPage":{"@id":"https:\/\/greenstyle-muc.com\/en\/greenstyle-frankfurt-fashion-week-back-to-the-future\/#primaryimage"},"image":{"@id":"https:\/\/greenstyle-muc.com\/en\/greenstyle-frankfurt-fashion-week-back-to-the-future\/#primaryimage"},"thumbnailUrl":"https:\/\/greenstyle-muc.com\/wp-content\/uploads\/2021\/02\/Beitrag-10.jpg","datePublished":"2021-02-24T20:04:01+00:00","dateModified":"2021-10-21T10:49:46+00:00","description":"With the GREENSTYLE @ Frankfurt Fashion Week from January 21 to 23, 2022, we will show you and your collections how sustainable fashion works.","breadcrumb":{"@id":"https:\/\/greenstyle-muc.com\/en\/greenstyle-frankfurt-fashion-week-back-to-the-future\/#breadcrumb"},"inLanguage":"en-US","potentialAction":[{"@type":"ReadAction","target":["https:\/\/greenstyle-muc.com\/en\/greenstyle-frankfurt-fashion-week-back-to-the-future\/"]}]},{"@type":"ImageObject","inLanguage":"en-US","@id":"https:\/\/greenstyle-muc.com\/en\/greenstyle-frankfurt-fashion-week-back-to-the-future\/#primaryimage","url":"https:\/\/greenstyle-muc.com\/wp-content\/uploads\/2021\/02\/Beitrag-10.jpg","contentUrl":"https:\/\/greenstyle-muc.com\/wp-content\/uploads\/2021\/02\/Beitrag-10.jpg","width":1280,"height":720,"caption":"Frankfurt Fashion Week"},{"@type":"BreadcrumbList","@id":"https:\/\/greenstyle-muc.com\/en\/greenstyle-frankfurt-fashion-week-back-to-the-future\/#breadcrumb","itemListElement":[{"@type":"ListItem","position":1,"name":"Home","item":"https:\/\/greenstyle-muc.com\/en\/"},{"@type":"ListItem","position":2,"name":"Exhibitor invitation GREENSTYLE @ Frankfurt Fashion Week (21 to 23 January 2022)"}]},{"@type":"WebSite","@id":"https:\/\/greenstyle-muc.com\/en\/#website","url":"https:\/\/greenstyle-muc.com\/en\/","name":"GREENSTYLE","description":"News, People, Brands, Ideas, Interviews, Podcasts. For Makers, Game Changers, Community #bettertogether","publisher":{"@id":"https:\/\/greenstyle-muc.com\/en\/#organization"},"potentialAction":[{"@type":"SearchAction","target":{"@type":"EntryPoint","urlTemplate":"https:\/\/greenstyle-muc.com\/en\/?s={search_term_string}"},"query-input":"required name=search_term_string"}],"inLanguage":"en-US"},{"@type":"Organization","@id":"https:\/\/greenstyle-muc.com\/en\/#organization","name":"GREENSTYLE MUC","url":"https:\/\/greenstyle-muc.com\/en\/","logo":{"@type":"ImageObject","inLanguage":"en-US","@id":"https:\/\/greenstyle-muc.com\/en\/#\/schema\/logo\/image\/","url":"https:\/\/greenstyle-muc.com\/wp-content\/uploads\/2020\/05\/cropped-Greenstyle_Logo_GMUC_Favikon-1.jpg","contentUrl":"https:\/\/greenstyle-muc.com\/wp-content\/uploads\/2020\/05\/cropped-Greenstyle_Logo_GMUC_Favikon-1.jpg","width":512,"height":512,"caption":"GREENSTYLE MUC"},"image":{"@id":"https:\/\/greenstyle-muc.com\/en\/#\/schema\/logo\/image\/"}},{"@type":"Person","@id":"https:\/\/greenstyle-muc.com\/en\/#\/schema\/person\/6c0cf80c39c77ce2010f8d26e300f9fd","name":"Mirjam Smend","image":{"@type":"ImageObject","inLanguage":"en-US","@id":"https:\/\/greenstyle-muc.com\/en\/#\/schema\/person\/image\/","url":"https:\/\/secure.gravatar.com\/avatar\/2e9b5c8704045746ae2aef886a1ac564?s=96&d=mm&r=g","contentUrl":"https:\/\/secure.gravatar.com\/avatar\/2e9b5c8704045746ae2aef886a1ac564?s=96&d=mm&r=g","caption":"Mirjam Smend"},"url":"https:\/\/greenstyle-muc.com\/en\/author\/mirjam-muc\/"}]}},"_links":{"self":[{"href":"https:\/\/greenstyle-muc.com\/en\/wp-json\/wp\/v2\/posts\/17050"}],"collection":[{"href":"https:\/\/greenstyle-muc.com\/en\/wp-json\/wp\/v2\/posts"}],"about":[{"href":"https:\/\/greenstyle-muc.com\/en\/wp-json\/wp\/v2\/types\/post"}],"author":[{"embeddable":true,"href":"https:\/\/greenstyle-muc.com\/en\/wp-json\/wp\/v2\/users\/3"}],"replies":[{"embeddable":true,"href":"https:\/\/greenstyle-muc.com\/en\/wp-json\/wp\/v2\/comments?post=17050"}],"version-history":[{"count":13,"href":"https:\/\/greenstyle-muc.com\/en\/wp-json\/wp\/v2\/posts\/17050\/revisions"}],"predecessor-version":[{"id":20764,"href":"https:\/\/greenstyle-muc.com\/en\/wp-json\/wp\/v2\/posts\/17050\/revisions\/20764"}],"wp:featuredmedia":[{"embeddable":true,"href":"https:\/\/greenstyle-muc.com\/en\/wp-json\/wp\/v2\/media\/17679"}],"wp:attachment":[{"href":"https:\/\/greenstyle-muc.com\/en\/wp-json\/wp\/v2\/media?parent=17050"}],"wp:term":[{"taxonomy":"category","embeddable":true,"href":"https:\/\/greenstyle-muc.com\/en\/wp-json\/wp\/v2\/categories?post=17050"},{"taxonomy":"post_tag","embeddable":true,"href":"https:\/\/greenstyle-muc.com\/en\/wp-json\/wp\/v2\/tags?post=17050"}],"curies":[{"name":"wp","href":"https:\/\/api.w.org\/{rel}","templated":true}]}}